{"id":9409,"date":"2019-06-02T12:16:58","date_gmt":"2019-06-02T10:16:58","guid":{"rendered":"https:\/\/www.riccardomuti.com\/?p=9409"},"modified":"2021-11-12T12:26:32","modified_gmt":"2021-11-12T11:26:32","slug":"archivi-del-maggio-muti-da-leggenda-firenze-nel-cuore","status":"publish","type":"post","link":"https:\/\/www.riccardomuti.com\/en\/2019\/06\/02\/archivi-del-maggio-muti-da-leggenda-firenze-nel-cuore\/","title":{"rendered":"Muti da leggenda: I Puritani, Pagliacci, Mozart|Muti|Richter&#8230;"},"content":{"rendered":"<div class=\"fusion-fullwidth fullwidth-box fusion-builder-row-1 hundred-percent-fullwidth non-hundred-percent-height-scrolling\" style=\"--awb-border-radius-top-left:0px;--awb-border-radius-top-right:0px;--awb-border-radius-bottom-right:0px;--awb-border-radius-bottom-left:0px;--awb-overflow:visible;--awb-flex-wrap:wrap;\" ><div class=\"fusion-builder-row fusion-row\"><div class=\"fusion-layout-column fusion_builder_column fusion-builder-column-0 fusion_builder_column_1_1 1_1 fusion-one-full fusion-column-first fusion-column-last fusion-column-no-min-height\" style=\"--awb-bg-size:cover;--awb-margin-bottom:0px;\"><div class=\"fusion-column-wrapper fusion-flex-column-wrapper-legacy\"><div class=\"fusion-text fusion-text-1\"><div>\n<div>\n<div>\n<div><\/div>\n<\/div>\n<\/div>\n<\/div>\n<div dir=\"ltr\">\n<p><span style=\"color: #000000;\"><b>Riccardo Muti in Florence presents the releases of the record label RMMUSIC Records.<\/b><\/span><\/p>\n<p>Riccardo Muti conducted the <i>Missa Defunctorum<\/i>, a masterpiece by Giovanni Paisiello, at the Teatro del Maggio Musicale Fiorentino.<br \/>\nIt was a perfect occasion to present the audience with the box set of RMMUSIC Record Label containing:<\/p>\n<p>DVD 1 &#8211; <i>Missa Defunctorum<\/i>, Giovanni Paisiello<br \/>\nDVD 2 &#8211; <i>Betulia Liberata<\/i>, Wolfgang Amadeus Mozart<br \/>\nDVD 3 &#8211; <i>Betulia Liberata<\/i>, Niccol\u00f2 Jommelli<\/p>\n<\/div>\n<div dir=\"ltr\">\n<p><span class=\"im\" style=\"color: #000000;\">With introductions by Riccardo Muti soon available with subtitles in English.<\/span><\/p>\n<p>Three titles that the Maestro brought with great success at the Salzburg Festival in the period of his artistic direction.<\/p>\n<\/div>\n<div dir=\"ltr\"><span style=\"color: #000000;\">The new CDs result of the collaboration between RMMUSIC Records and the Orchestra del Maggio Musicale Fiorentino were also presented.<\/span><\/div>\n<p style=\"text-align: center;\"><a href=\"https:\/\/www.riccardomutimusic.com\/en\/\">DISCOVER THE RECORDINGS<\/a><\/p>\n<p style=\"text-align: center;\"><img decoding=\"async\" class=\"alignnone size-full wp-image-9350\" src=\"https:\/\/www.riccardomuti.com\/wp-content\/uploads\/1-MicheleMonasta_A9_9525-per-web.jpg\" alt=\"\" width=\"850\" height=\"566\" srcset=\"https:\/\/www.riccardomuti.com\/wp-content\/uploads\/1-MicheleMonasta_A9_9525-per-web-200x133.jpg 200w, https:\/\/www.riccardomuti.com\/wp-content\/uploads\/1-MicheleMonasta_A9_9525-per-web-300x200.jpg 300w, https:\/\/www.riccardomuti.com\/wp-content\/uploads\/1-MicheleMonasta_A9_9525-per-web-400x266.jpg 400w, https:\/\/www.riccardomuti.com\/wp-content\/uploads\/1-MicheleMonasta_A9_9525-per-web-600x400.jpg 600w, https:\/\/www.riccardomuti.com\/wp-content\/uploads\/1-MicheleMonasta_A9_9525-per-web-768x511.jpg 768w, https:\/\/www.riccardomuti.com\/wp-content\/uploads\/1-MicheleMonasta_A9_9525-per-web-800x533.jpg 800w, https:\/\/www.riccardomuti.com\/wp-content\/uploads\/1-MicheleMonasta_A9_9525-per-web.jpg 850w\" sizes=\"(max-width: 850px) 100vw, 850px\" \/><\/p>\n<h3><strong>Archivi del Maggio: Muti da leggenda, &#8220;Firenze nel cuore&#8221;<\/strong><\/h3>\n<p>\u2013 Gregorio Moppi | May, 30 2019<\/p>\n<p><span style=\"color: #000000;\">Florence tempered me, I already had a certain character. But this city has accentuated it\u00bb, Muti confesses. There is something, however, that worries him now: the condition of music in Italy. \u00abTuscany should have orchestras in every city. And that is good. In Basilicata, Calabria, Abruzzo there aren\u2019t any. Governments do not understand that orchestras are nourishment. And that we need to give new life to our small theaters. Maybe entrusting them to young experimenters in the field of music, dance and prose. Because large rivers, like large theaters, can only be formed thanks to small tributaries \u00bb. And if you ask him when he comes back again to Maggio, he replies that it will be soon, because Florence is in his heart.<\/span><\/p>\n<p style=\"text-align: right;\">(Free translation)<\/p>\n<p>Riccardo Muti show nel foyer del Teatro del Maggio, ieri pomeriggio, davanti a una platea folta di ammiratori e di orchestrali storici. All&#8217;indomani del concerto con la <em>Missa defunctorum<\/em> di Paisiello sul podio dell&#8217;orchestra Cherubini, l&#8217;incontro \u00e8 l&#8217;occasione per presentare la collana discografica che il Maggio gli sta dedicando &#8211; cinque registrazioni al momento. Interpretazioni leggendarie riemerse dagli archivi del teatro, edite a quattro mani con RM Music, casa di produzione del Maestro, il cui ricavato va in beneficenza al Meyer. Con franchezza effervescente, un inesauribile bagaglio di aneddoti e qualche nostalgia per il passato, Muti rammenta gli anni Settanta, il suo periodo da direttore musicale al Comunale. \u00abL&#8217;intellighenzia milanese professava verso di me una forma di razzismo feroce. &#8220;In quanto napoletano, non sente in profondit\u00e0 la musica&#8221;, dicevano, &#8220;perci\u00f2 non pu\u00f2 eseguire che repertori di un certo tipo, come il primo Verdi&#8221;. Invece dimostrai che potevo fare Orfeo di Gluck, addirittura con la regia di Ronconi, esordiente nell&#8217;opera. Poi con <em>Le nozze di Figaro<\/em> feci vedere che il terrone poteva penetrare nella Vienna mozartiana. E l&#8217;invito di Karajan a Salisburgo fu il colpo di grazia per la stampa milanese. D&#8217;altronde certi critici asserivano che di voci non ne capivo. Invece dovevo fare le nozze con i fichi secchi, perch\u00e9 le grandi ugole avevano l&#8217;esclusiva con la Scala\u00bb. Scorrono i ricordi. Quando, dopo <em>Nabucco<\/em>, un tale dal pubblico grid\u00f2 infuriato &#8220;Ronconi in Arno&#8221;. Quando Fedora Barbieri gli piomb\u00f2 in casa sparandogli nelle orecchie il <em>Falstaff<\/em> verdiano, per provare di avere ancora voce. Quando alla prima di <em>Cavalleria<\/em> &#8211; la cui programmazione gli era costata l&#8217;accusa di fascismo &#8211;\u00a0 un matto si present\u00f2 sul palco denunciando che a Careggi si moriva di eutanasia. \u00abFirenze mi ha temprato, gi\u00e0 avevo un certo carattere. Ma questa citt\u00e0 l&#8217;ha accentuato\u00bb, confessa Muti. C&#8217;\u00e8 qualcosa, per\u00f2, che adesso lo preoccupa: la condizione della musica in Italia. \u00abLa Toscana dovrebbe avere orchestre in ogni citt\u00e0. E qui va bene. In Basilicata, Calabria, Abruzzo nemmeno ce ne sono. I governi non capiscono che le orchestre sono il pane. E che bisogna ridar vita ai nostri piccoli teatri. Magari affidandoli a giovani sperimentatori nel campo della musica, della danza, della prosa. Perch\u00e9 i fiumi grandi, come i grandi teatri, possono formarsi solo grazie ai piccoli affluenti\u00bb. E se gli chiedi quando torner\u00e0 di nuovo al Maggio, risponde che sar\u00e0 presto, perch\u00e9 Firenze gli sta nel cuore.<\/p>\n<p style=\"text-align: right;\">Gregorio Moppi,\u00a0<em>la Repubblica &#8211; Firenze<\/em>, May, 30 2019<\/p>\n<p style=\"text-align: center;\">Watch the preview of\u00a0<em>Missa Defunctorum<\/em>:<\/p>\n<\/div><div class=\"fusion-clearfix\"><\/div><\/div><\/div><div class=\"fusion-layout-column fusion_builder_column fusion-builder-column-1 fusion_builder_column_1_6 1_6 fusion-one-sixth fusion-column-first\" style=\"--awb-bg-size:cover;width:13.3333%; margin-right: 4%;\"><div class=\"fusion-column-wrapper fusion-flex-column-wrapper-legacy\"><div class=\"fusion-clearfix\"><\/div><\/div><\/div><div class=\"fusion-layout-column fusion_builder_column fusion-builder-column-2 fusion_builder_column_2_3 2_3 fusion-two-third\" style=\"--awb-bg-size:cover;width:65.3333%; margin-right: 4%;\"><div class=\"fusion-column-wrapper fusion-flex-column-wrapper-legacy\"><div class=\"fusion-video fusion-youtube\" style=\"--awb-max-width:600px;--awb-max-height:350px;\"><div class=\"video-shortcode\"><div class=\"fluid-width-video-wrapper\" style=\"padding-top:58.33%;\" ><iframe title=\"YouTube video player 1\" src=\"https:\/\/www.youtube.com\/embed\/IooAmbWdt_U?wmode=transparent&autoplay=0\" width=\"600\" height=\"350\" allowfullscreen allow=\"autoplay; clipboard-write; encrypted-media; gyroscope; picture-in-picture;\"><\/iframe><\/div><\/div><\/div><div class=\"fusion-clearfix\"><\/div><\/div><\/div><div class=\"fusion-layout-column fusion_builder_column fusion-builder-column-3 fusion_builder_column_1_6 1_6 fusion-one-sixth fusion-column-last\" style=\"--awb-bg-size:cover;width:13.3333%;\"><div class=\"fusion-column-wrapper fusion-flex-column-wrapper-legacy\"><div class=\"fusion-clearfix\"><\/div><\/div><\/div><div class=\"fusion-layout-column fusion_builder_column fusion-builder-column-4 fusion_builder_column_1_1 1_1 fusion-one-full fusion-column-first fusion-column-last\" style=\"--awb-bg-size:cover;\"><div class=\"fusion-column-wrapper fusion-flex-column-wrapper-legacy\"><div class=\"fusion-text fusion-text-2\"><p style=\"text-align: center;\"><a href=\"https:\/\/www.riccardomutimusic.com\/en\/\">DISCOVER THE RICCARDO MUTI AND MAGGIO MUSICALE FIORENTINO CDs,<\/a><br \/>\n<a href=\"https:\/\/www.riccardomutimusic.com\/en\/\">LISTEN TO THE PREVIEWS<\/a><br \/>\n<a href=\"https:\/\/www.riccardomutimusic.com\/en\/\">HERE<\/a><\/p>\n<p>&nbsp;<\/p>\n<p>Watch the photos:<\/p>\n\n\t\t<style type=\"text\/css\">\n\t\t\t#gallery-1 {\n\t\t\t\tmargin: auto;\n\t\t\t}\n\t\t\t#gallery-1 .gallery-item {\n\t\t\t\tfloat: left;\n\t\t\t\tmargin-top: 10px;\n\t\t\t\ttext-align: center;\n\t\t\t\twidth: 33%;\n\t\t\t}\n\t\t\t#gallery-1 img {\n\t\t\t\tborder: 2px solid #cfcfcf;\n\t\t\t}\n\t\t\t#gallery-1 .gallery-caption {\n\t\t\t\tmargin-left: 0;\n\t\t\t}\n\t\t\t\/* see gallery_shortcode() in wp-includes\/media.php *\/\n\t\t<\/style>\n\t\t<div id='gallery-1' class='gallery galleryid-9409 gallery-columns-3 gallery-size-thumbnail'><dl class='gallery-item'>\n\t\t\t<dt class='gallery-icon landscape'>\n\t\t\t\t<a data-rel=\"iLightbox[postimages]\" data-title=\"1-MicheleMonasta_A9_9525-per-web\" data-caption=\"\" href='https:\/\/www.riccardomuti.com\/wp-content\/uploads\/1-MicheleMonasta_A9_9525-per-web.jpg'><img decoding=\"async\" width=\"150\" height=\"150\" src=\"https:\/\/www.riccardomuti.com\/wp-content\/uploads\/1-MicheleMonasta_A9_9525-per-web-150x150.jpg\" class=\"attachment-thumbnail size-thumbnail\" alt=\"\" srcset=\"https:\/\/www.riccardomuti.com\/wp-content\/uploads\/1-MicheleMonasta_A9_9525-per-web-66x66.jpg 66w, https:\/\/www.riccardomuti.com\/wp-content\/uploads\/1-MicheleMonasta_A9_9525-per-web-150x150.jpg 150w, https:\/\/www.riccardomuti.com\/wp-content\/uploads\/1-MicheleMonasta_A9_9525-per-web-400x400.jpg 400w\" sizes=\"(max-width: 150px) 100vw, 150px\" \/><\/a>\n\t\t\t<\/dt><\/dl><dl class='gallery-item'>\n\t\t\t<dt class='gallery-icon landscape'>\n\t\t\t\t<a data-rel=\"iLightbox[postimages]\" data-title=\"168-MicheleMonasta_R3_2379\" data-caption=\"\" href='https:\/\/www.riccardomuti.com\/wp-content\/uploads\/168-MicheleMonasta_R3_2379.jpeg'><img decoding=\"async\" width=\"150\" height=\"150\" src=\"https:\/\/www.riccardomuti.com\/wp-content\/uploads\/168-MicheleMonasta_R3_2379-150x150.jpeg\" class=\"attachment-thumbnail size-thumbnail\" alt=\"\" srcset=\"https:\/\/www.riccardomuti.com\/wp-content\/uploads\/168-MicheleMonasta_R3_2379-66x66.jpeg 66w, https:\/\/www.riccardomuti.com\/wp-content\/uploads\/168-MicheleMonasta_R3_2379-150x150.jpeg 150w, https:\/\/www.riccardomuti.com\/wp-content\/uploads\/168-MicheleMonasta_R3_2379-400x400.jpeg 400w\" sizes=\"(max-width: 150px) 100vw, 150px\" \/><\/a>\n\t\t\t<\/dt><\/dl>\n\t\t\t<br style='clear: both' \/>\n\t\t<\/div>\n\n<h6>Ph.\u00a0Michele Monasta<\/h6>\n<h6><div class=\"vaiallostore\">\n<a href=\"https:\/\/www.riccardomutimusic.com\/en\/\"> Visit the Store <\/a><\/div><style>#toTop{display:none;}.to-top-container{display:none;visibility:hidden}<br \/><\/style><\/h6>\n<\/div><div class=\"fusion-clearfix\"><\/div><\/div><\/div><\/div><\/div>\n","protected":false},"excerpt":{"rendered":"","protected":false},"author":3,"featured_media":9351,"comment_status":"open","ping_status":"open","sticky":false,"template":"","format":"standard","meta":{"footnotes":""},"categories":[366,365,273,243,18],"tags":[],"class_list":["post-9409","post","type-post","status-publish","format-standard","has-post-thumbnail","hentry","category-maggio-musicale-fiorentino-en","category-nuova-pubblicazione-en","category-rmmusic-recordings-en","category-stampa-en","category-uncategorized"],"yoast_head":"<!-- This site is optimized with the Yoast SEO plugin v26.9 - https:\/\/yoast.com\/product\/yoast-seo-wordpress\/ -->\n<title>Muti da leggenda: I Puritani, Pagliacci, Mozart|Muti|Richter... - Riccardo Muti<\/title>\n<meta name=\"robots\" content=\"index, follow, max-snippet:-1, max-image-preview:large, max-video-preview:-1\" \/>\n<link rel=\"canonical\" href=\"https:\/\/www.riccardomuti.com\/en\/2019\/06\/02\/archivi-del-maggio-muti-da-leggenda-firenze-nel-cuore\/\" \/>\n<meta property=\"og:locale\" content=\"en_US\" \/>\n<meta property=\"og:type\" content=\"article\" \/>\n<meta property=\"og:title\" content=\"Muti da leggenda: I Puritani, Pagliacci, Mozart|Muti|Richter... - Riccardo Muti\" \/>\n<meta property=\"og:url\" content=\"https:\/\/www.riccardomuti.com\/en\/2019\/06\/02\/archivi-del-maggio-muti-da-leggenda-firenze-nel-cuore\/\" \/>\n<meta property=\"og:site_name\" content=\"Riccardo Muti\" \/>\n<meta property=\"article:publisher\" content=\"https:\/\/www.facebook.com\/RiccardoMutiOfficial\/\" \/>\n<meta property=\"article:published_time\" content=\"2019-06-02T10:16:58+00:00\" \/>\n<meta property=\"article:modified_time\" content=\"2021-11-12T11:26:32+00:00\" \/>\n<meta property=\"og:image\" content=\"https:\/\/www.riccardomuti.com\/wp-content\/uploads\/1-MicheleMonasta_A9_9525-per-web.jpg\" \/>\n\t<meta property=\"og:image:width\" content=\"850\" \/>\n\t<meta property=\"og:image:height\" content=\"566\" \/>\n\t<meta property=\"og:image:type\" content=\"image\/jpeg\" \/>\n<meta name=\"author\" content=\"rmm_classic\" \/>\n<meta name=\"twitter:card\" content=\"summary_large_image\" \/>\n<meta name=\"twitter:label1\" content=\"Written by\" \/>\n\t<meta name=\"twitter:data1\" content=\"rmm_classic\" \/>\n\t<meta name=\"twitter:label2\" content=\"Est. reading time\" \/>\n\t<meta name=\"twitter:data2\" content=\"5 minutes\" \/>\n<script type=\"application\/ld+json\" class=\"yoast-schema-graph\">{\"@context\":\"https:\/\/schema.org\",\"@graph\":[{\"@type\":\"Article\",\"@id\":\"https:\/\/www.riccardomuti.com\/en\/2019\/06\/02\/archivi-del-maggio-muti-da-leggenda-firenze-nel-cuore\/#article\",\"isPartOf\":{\"@id\":\"https:\/\/www.riccardomuti.com\/en\/2019\/06\/02\/archivi-del-maggio-muti-da-leggenda-firenze-nel-cuore\/\"},\"author\":{\"name\":\"rmm_classic\",\"@id\":\"https:\/\/www.riccardomuti.com\/en\/#\/schema\/person\/9a75373cddd7bdabeab4ebbbb93aa0e8\"},\"headline\":\"Muti da leggenda: I Puritani, Pagliacci, Mozart|Muti|Richter&#8230;\",\"datePublished\":\"2019-06-02T10:16:58+00:00\",\"dateModified\":\"2021-11-12T11:26:32+00:00\",\"mainEntityOfPage\":{\"@id\":\"https:\/\/www.riccardomuti.com\/en\/2019\/06\/02\/archivi-del-maggio-muti-da-leggenda-firenze-nel-cuore\/\"},\"wordCount\":1255,\"commentCount\":0,\"image\":{\"@id\":\"https:\/\/www.riccardomuti.com\/en\/2019\/06\/02\/archivi-del-maggio-muti-da-leggenda-firenze-nel-cuore\/#primaryimage\"},\"thumbnailUrl\":\"https:\/\/www.riccardomuti.com\/wp-content\/uploads\/1-MicheleMonasta_A9_9525-per-web.jpg\",\"articleSection\":[\"Maggio Musicale Fiorentino\",\"Nuova pubblicazione\",\"RMMUSIC Recordings\",\"Stampa\"],\"inLanguage\":\"en-US\"},{\"@type\":\"WebPage\",\"@id\":\"https:\/\/www.riccardomuti.com\/en\/2019\/06\/02\/archivi-del-maggio-muti-da-leggenda-firenze-nel-cuore\/\",\"url\":\"https:\/\/www.riccardomuti.com\/en\/2019\/06\/02\/archivi-del-maggio-muti-da-leggenda-firenze-nel-cuore\/\",\"name\":\"Muti da leggenda: I Puritani, Pagliacci, Mozart|Muti|Richter... - Riccardo Muti\",\"isPartOf\":{\"@id\":\"https:\/\/www.riccardomuti.com\/en\/#website\"},\"primaryImageOfPage\":{\"@id\":\"https:\/\/www.riccardomuti.com\/en\/2019\/06\/02\/archivi-del-maggio-muti-da-leggenda-firenze-nel-cuore\/#primaryimage\"},\"image\":{\"@id\":\"https:\/\/www.riccardomuti.com\/en\/2019\/06\/02\/archivi-del-maggio-muti-da-leggenda-firenze-nel-cuore\/#primaryimage\"},\"thumbnailUrl\":\"https:\/\/www.riccardomuti.com\/wp-content\/uploads\/1-MicheleMonasta_A9_9525-per-web.jpg\",\"datePublished\":\"2019-06-02T10:16:58+00:00\",\"dateModified\":\"2021-11-12T11:26:32+00:00\",\"author\":{\"@id\":\"https:\/\/www.riccardomuti.com\/en\/#\/schema\/person\/9a75373cddd7bdabeab4ebbbb93aa0e8\"},\"breadcrumb\":{\"@id\":\"https:\/\/www.riccardomuti.com\/en\/2019\/06\/02\/archivi-del-maggio-muti-da-leggenda-firenze-nel-cuore\/#breadcrumb\"},\"inLanguage\":\"en-US\",\"potentialAction\":[{\"@type\":\"ReadAction\",\"target\":[\"https:\/\/www.riccardomuti.com\/en\/2019\/06\/02\/archivi-del-maggio-muti-da-leggenda-firenze-nel-cuore\/\"]}]},{\"@type\":\"ImageObject\",\"inLanguage\":\"en-US\",\"@id\":\"https:\/\/www.riccardomuti.com\/en\/2019\/06\/02\/archivi-del-maggio-muti-da-leggenda-firenze-nel-cuore\/#primaryimage\",\"url\":\"https:\/\/www.riccardomuti.com\/wp-content\/uploads\/1-MicheleMonasta_A9_9525-per-web.jpg\",\"contentUrl\":\"https:\/\/www.riccardomuti.com\/wp-content\/uploads\/1-MicheleMonasta_A9_9525-per-web.jpg\",\"width\":850,\"height\":566},{\"@type\":\"BreadcrumbList\",\"@id\":\"https:\/\/www.riccardomuti.com\/en\/2019\/06\/02\/archivi-del-maggio-muti-da-leggenda-firenze-nel-cuore\/#breadcrumb\",\"itemListElement\":[{\"@type\":\"ListItem\",\"position\":1,\"name\":\"Home\",\"item\":\"https:\/\/www.riccardomuti.com\/en\/\"},{\"@type\":\"ListItem\",\"position\":2,\"name\":\"Muti da leggenda: I Puritani, Pagliacci, Mozart|Muti|Richter&#8230;\"}]},{\"@type\":\"WebSite\",\"@id\":\"https:\/\/www.riccardomuti.com\/en\/#website\",\"url\":\"https:\/\/www.riccardomuti.com\/en\/\",\"name\":\"Riccardo Muti\",\"description\":\"Sito ufficiale di Riccardo Muti\",\"potentialAction\":[{\"@type\":\"SearchAction\",\"target\":{\"@type\":\"EntryPoint\",\"urlTemplate\":\"https:\/\/www.riccardomuti.com\/en\/?s={search_term_string}\"},\"query-input\":{\"@type\":\"PropertyValueSpecification\",\"valueRequired\":true,\"valueName\":\"search_term_string\"}}],\"inLanguage\":\"en-US\"},{\"@type\":\"Person\",\"@id\":\"https:\/\/www.riccardomuti.com\/en\/#\/schema\/person\/9a75373cddd7bdabeab4ebbbb93aa0e8\",\"name\":\"rmm_classic\",\"image\":{\"@type\":\"ImageObject\",\"inLanguage\":\"en-US\",\"@id\":\"https:\/\/www.riccardomuti.com\/en\/#\/schema\/person\/image\/\",\"url\":\"https:\/\/secure.gravatar.com\/avatar\/fb70d32677448f9840343cae801b4cd24195ca9c30081411f585eda614a55b45?s=96&d=mm&r=g\",\"contentUrl\":\"https:\/\/secure.gravatar.com\/avatar\/fb70d32677448f9840343cae801b4cd24195ca9c30081411f585eda614a55b45?s=96&d=mm&r=g\",\"caption\":\"rmm_classic\"}}]}<\/script>\n<!-- \/ Yoast SEO plugin. -->","yoast_head_json":{"title":"Muti da leggenda: I Puritani, Pagliacci, Mozart|Muti|Richter... - Riccardo Muti","robots":{"index":"index","follow":"follow","max-snippet":"max-snippet:-1","max-image-preview":"max-image-preview:large","max-video-preview":"max-video-preview:-1"},"canonical":"https:\/\/www.riccardomuti.com\/en\/2019\/06\/02\/archivi-del-maggio-muti-da-leggenda-firenze-nel-cuore\/","og_locale":"en_US","og_type":"article","og_title":"Muti da leggenda: I Puritani, Pagliacci, Mozart|Muti|Richter... - Riccardo Muti","og_url":"https:\/\/www.riccardomuti.com\/en\/2019\/06\/02\/archivi-del-maggio-muti-da-leggenda-firenze-nel-cuore\/","og_site_name":"Riccardo Muti","article_publisher":"https:\/\/www.facebook.com\/RiccardoMutiOfficial\/","article_published_time":"2019-06-02T10:16:58+00:00","article_modified_time":"2021-11-12T11:26:32+00:00","og_image":[{"width":850,"height":566,"url":"https:\/\/www.riccardomuti.com\/wp-content\/uploads\/1-MicheleMonasta_A9_9525-per-web.jpg","type":"image\/jpeg"}],"author":"rmm_classic","twitter_card":"summary_large_image","twitter_misc":{"Written by":"rmm_classic","Est. reading time":"5 minutes"},"schema":{"@context":"https:\/\/schema.org","@graph":[{"@type":"Article","@id":"https:\/\/www.riccardomuti.com\/en\/2019\/06\/02\/archivi-del-maggio-muti-da-leggenda-firenze-nel-cuore\/#article","isPartOf":{"@id":"https:\/\/www.riccardomuti.com\/en\/2019\/06\/02\/archivi-del-maggio-muti-da-leggenda-firenze-nel-cuore\/"},"author":{"name":"rmm_classic","@id":"https:\/\/www.riccardomuti.com\/en\/#\/schema\/person\/9a75373cddd7bdabeab4ebbbb93aa0e8"},"headline":"Muti da leggenda: I Puritani, Pagliacci, Mozart|Muti|Richter&#8230;","datePublished":"2019-06-02T10:16:58+00:00","dateModified":"2021-11-12T11:26:32+00:00","mainEntityOfPage":{"@id":"https:\/\/www.riccardomuti.com\/en\/2019\/06\/02\/archivi-del-maggio-muti-da-leggenda-firenze-nel-cuore\/"},"wordCount":1255,"commentCount":0,"image":{"@id":"https:\/\/www.riccardomuti.com\/en\/2019\/06\/02\/archivi-del-maggio-muti-da-leggenda-firenze-nel-cuore\/#primaryimage"},"thumbnailUrl":"https:\/\/www.riccardomuti.com\/wp-content\/uploads\/1-MicheleMonasta_A9_9525-per-web.jpg","articleSection":["Maggio Musicale Fiorentino","Nuova pubblicazione","RMMUSIC Recordings","Stampa"],"inLanguage":"en-US"},{"@type":"WebPage","@id":"https:\/\/www.riccardomuti.com\/en\/2019\/06\/02\/archivi-del-maggio-muti-da-leggenda-firenze-nel-cuore\/","url":"https:\/\/www.riccardomuti.com\/en\/2019\/06\/02\/archivi-del-maggio-muti-da-leggenda-firenze-nel-cuore\/","name":"Muti da leggenda: I Puritani, Pagliacci, Mozart|Muti|Richter... - Riccardo Muti","isPartOf":{"@id":"https:\/\/www.riccardomuti.com\/en\/#website"},"primaryImageOfPage":{"@id":"https:\/\/www.riccardomuti.com\/en\/2019\/06\/02\/archivi-del-maggio-muti-da-leggenda-firenze-nel-cuore\/#primaryimage"},"image":{"@id":"https:\/\/www.riccardomuti.com\/en\/2019\/06\/02\/archivi-del-maggio-muti-da-leggenda-firenze-nel-cuore\/#primaryimage"},"thumbnailUrl":"https:\/\/www.riccardomuti.com\/wp-content\/uploads\/1-MicheleMonasta_A9_9525-per-web.jpg","datePublished":"2019-06-02T10:16:58+00:00","dateModified":"2021-11-12T11:26:32+00:00","author":{"@id":"https:\/\/www.riccardomuti.com\/en\/#\/schema\/person\/9a75373cddd7bdabeab4ebbbb93aa0e8"},"breadcrumb":{"@id":"https:\/\/www.riccardomuti.com\/en\/2019\/06\/02\/archivi-del-maggio-muti-da-leggenda-firenze-nel-cuore\/#breadcrumb"},"inLanguage":"en-US","potentialAction":[{"@type":"ReadAction","target":["https:\/\/www.riccardomuti.com\/en\/2019\/06\/02\/archivi-del-maggio-muti-da-leggenda-firenze-nel-cuore\/"]}]},{"@type":"ImageObject","inLanguage":"en-US","@id":"https:\/\/www.riccardomuti.com\/en\/2019\/06\/02\/archivi-del-maggio-muti-da-leggenda-firenze-nel-cuore\/#primaryimage","url":"https:\/\/www.riccardomuti.com\/wp-content\/uploads\/1-MicheleMonasta_A9_9525-per-web.jpg","contentUrl":"https:\/\/www.riccardomuti.com\/wp-content\/uploads\/1-MicheleMonasta_A9_9525-per-web.jpg","width":850,"height":566},{"@type":"BreadcrumbList","@id":"https:\/\/www.riccardomuti.com\/en\/2019\/06\/02\/archivi-del-maggio-muti-da-leggenda-firenze-nel-cuore\/#breadcrumb","itemListElement":[{"@type":"ListItem","position":1,"name":"Home","item":"https:\/\/www.riccardomuti.com\/en\/"},{"@type":"ListItem","position":2,"name":"Muti da leggenda: I Puritani, Pagliacci, Mozart|Muti|Richter&#8230;"}]},{"@type":"WebSite","@id":"https:\/\/www.riccardomuti.com\/en\/#website","url":"https:\/\/www.riccardomuti.com\/en\/","name":"Riccardo Muti","description":"Sito ufficiale di Riccardo Muti","potentialAction":[{"@type":"SearchAction","target":{"@type":"EntryPoint","urlTemplate":"https:\/\/www.riccardomuti.com\/en\/?s={search_term_string}"},"query-input":{"@type":"PropertyValueSpecification","valueRequired":true,"valueName":"search_term_string"}}],"inLanguage":"en-US"},{"@type":"Person","@id":"https:\/\/www.riccardomuti.com\/en\/#\/schema\/person\/9a75373cddd7bdabeab4ebbbb93aa0e8","name":"rmm_classic","image":{"@type":"ImageObject","inLanguage":"en-US","@id":"https:\/\/www.riccardomuti.com\/en\/#\/schema\/person\/image\/","url":"https:\/\/secure.gravatar.com\/avatar\/fb70d32677448f9840343cae801b4cd24195ca9c30081411f585eda614a55b45?s=96&d=mm&r=g","contentUrl":"https:\/\/secure.gravatar.com\/avatar\/fb70d32677448f9840343cae801b4cd24195ca9c30081411f585eda614a55b45?s=96&d=mm&r=g","caption":"rmm_classic"}}]}},"_links":{"self":[{"href":"https:\/\/www.riccardomuti.com\/en\/wp-json\/wp\/v2\/posts\/9409","targetHints":{"allow":["GET"]}}],"collection":[{"href":"https:\/\/www.riccardomuti.com\/en\/wp-json\/wp\/v2\/posts"}],"about":[{"href":"https:\/\/www.riccardomuti.com\/en\/wp-json\/wp\/v2\/types\/post"}],"author":[{"embeddable":true,"href":"https:\/\/www.riccardomuti.com\/en\/wp-json\/wp\/v2\/users\/3"}],"replies":[{"embeddable":true,"href":"https:\/\/www.riccardomuti.com\/en\/wp-json\/wp\/v2\/comments?post=9409"}],"version-history":[{"count":1,"href":"https:\/\/www.riccardomuti.com\/en\/wp-json\/wp\/v2\/posts\/9409\/revisions"}],"predecessor-version":[{"id":13839,"href":"https:\/\/www.riccardomuti.com\/en\/wp-json\/wp\/v2\/posts\/9409\/revisions\/13839"}],"wp:featuredmedia":[{"embeddable":true,"href":"https:\/\/www.riccardomuti.com\/en\/wp-json\/wp\/v2\/media\/9351"}],"wp:attachment":[{"href":"https:\/\/www.riccardomuti.com\/en\/wp-json\/wp\/v2\/media?parent=9409"}],"wp:term":[{"taxonomy":"category","embeddable":true,"href":"https:\/\/www.riccardomuti.com\/en\/wp-json\/wp\/v2\/categories?post=9409"},{"taxonomy":"post_tag","embeddable":true,"href":"https:\/\/www.riccardomuti.com\/en\/wp-json\/wp\/v2\/tags?post=9409"}],"curies":[{"name":"wp","href":"https:\/\/api.w.org\/{rel}","templated":true}]}}