{"id":8398,"date":"2019-01-18T16:25:48","date_gmt":"2019-01-18T15:25:48","guid":{"rendered":"https:\/\/www.riccardomuti.com\/?p=8398"},"modified":"2021-06-01T08:40:58","modified_gmt":"2021-06-01T06:40:58","slug":"the-vienna-philharmonic-with-bruckners-seventh-conducted-by-muti-in-berlin-in-december-2018","status":"publish","type":"post","link":"https:\/\/www.riccardomuti.com\/en\/2019\/01\/18\/the-vienna-philharmonic-with-bruckners-seventh-conducted-by-muti-in-berlin-in-december-2018\/","title":{"rendered":"The Vienna Philharmonic with Bruckner\u2019s Seventh conducted by Muti in Berlin in December 2018"},"content":{"rendered":"<p class=\"p1\"><span class=\"s1\">&#8220;It was built naturally, without vanity or arrogance, apparently organically, breathtakingly and majestically beautiful, but never coldly superior. It flowed, it pulsed, it breathed warmly and yet it stood there, invisible, as something abstract and at the same time plastic, similar to an intertwined whole. But how did Muti show the end of the last sound, letting it vanish and then disappear\u2026 Masterly.&#8221;<\/span><\/p>\n<p style=\"text-align: right;\">Free translation from the following article<\/p>\n<p>&nbsp;<\/p>\n<h2>Berliner Orchesterh\u00f6hepunkt aus Wien: Die Philharmoniker mit Bruckners Siebter unter Muti im Konzerthaus<\/h2>\n<p>Da w\u00e4re man, h\u00e4tte man nicht eh schon so sch\u00f6n mitten im Klang gethront, gerne der der Mann am Becken gewesen. Jenen omin\u00f6ses, aber eigentlich nicht mehr strittigen Schlag am Ende des Adagios musste der verrichten, ansonsten konnte er sitzen und genie\u00dfen, umschwallt von allersch\u00f6nsten T\u00f6nen. Selbst sein Kollege am Triangel hatte mehr zu tun, musste der doch in den Ecksatz-Finali den Pauker am anderen Kesselrand mit Stereoeffekt kl\u00f6ppelnd verdoppeln. Die\u00a0Wiener Philharmoniker\u00a0waren mal wieder in Berlin, diesmal aber im kleineren\u00a0Konzerthaus, wo sie sich wohlf\u00fchlen und ihnen gleich eine ganze, wochenlange Hommage samt Festschrift serviert wurde. Denn die Herren (und 13 Damen!) lieben Schn\u00f6rkel, und die DDR-Retro-Inszenierung am Gendarmenmarkt sieht halt fast so sch\u00f6n aus wie der etwas tiefere Goldene Saal im Wiener Musikverein. Mag auch zu Hause die Oper Weihnachtsbedarf haben, der herrliche Haufen war auf Minitournee mit Mozart und Bruckner, ganz traditions-<em>comme il faut<\/em>. Und auch der Herr am Pult stand da grandseigneurhaft, nie starr, ein alter Bekannter und Vertrauter:\u00a0Riccardo Muti.<\/p>\n<p>Solofl\u00f6tist\u00a0Karl-Heinz Sch\u00fctz\u00a0durfte sich \u00a0vorher in\u00a0Mozarts G-Dur-Konzert\u00a0warmblasen und das Ensemble aktivieren. Das tat er mit rundem Ton, fl\u00fcssig, fein und grazi\u00f6s, als sei das Werk nicht aus Luft, sondern aus Augarten-Porzellan verfertigt. Keine Ecken und Kanten, nirgends Rauheiten, alles Glanz, Makellosigkeit und Oberfl\u00e4che. Was bei dieser Virtuosengalanterie \u00fcberhaupt nicht st\u00f6rt.<\/p>\n<p>Und \u00e4hnlich feingetunt, herrlich in seinem Dimensionen ausgemessen und bew\u00e4ltigt, \u00a0bestiegen die Neunzig dann 80 Minuten lang den Riesengipfel von\u00a0Anton Bruckners 7. Sinfonie, die freilich das Leipziger Gewandhausorchester uraufgef\u00fchrt hat, und die trotzdem l\u00e4ngst auch die ihre ist. Und keinen Moment wie einem monstr\u00f6se Schlange wirkte \u2013 eher wie ein filigranes, wenn auch l\u00e4ngliches G\u00fcrteltier. Immer neue Panzerungen sch\u00e4lten sich da ab, um weitere Tonk\u00f6stlichkeiten leuchtend zum Vorschein kommen zu lassen. Man sp\u00fcrte in jedem Moment die entspannte \u00dcbereinkunft zwischen Dirigent und Orchester. Hier musste man nicht d\u00e4mmrige Kl\u00fcfte durchstapfen, hier wurde nicht um Originalit\u00e4t und Interpretation titanisch brachial gerungen. Hier wurden einfach (wenn es denn so w\u00e4re!) die Noten gespielt; auf die bestm\u00f6glichste Art. Doch schon im chromatischen Auftakt lie\u00df Muti seinen sanften, souver\u00e4nen, leicht verz\u00f6gerten Stab so klar hoch steigen, dass man es f\u00f6rmlich sah: Hier wei\u00df jeder, was er tut und kann, hier muss man (sich) nichts beweisen, hier legte man gemeinsam eine grandiose Strecke Bruckner zur\u00fcck. Satt, aber nie fett t\u00f6nend, laut, nicht dr\u00f6hnend, wunderfein in den ohne jede \u00dcberpointierung genommenen \u00dcberg\u00e4ngen, die unaufdringlich architektonisch gegliedert waren und gleichwohl einen breiten, weiten, durchl\u00e4ssigen Klangstrom zulie\u00dfen.<\/p>\n<p>Das war ein so altmeisterlich souver\u00e4nes Musizieren, das aber keinen Moment Routine kannte, wo es nicht um Selbstdarstellung, sondern um Kompositionsauslotung ging. Und als H\u00f6rer tauchte man ein in diesem wonnigen Schwall, und schwebte doch immer oben, nie erschlagen, nur getragen. Auch wenn \u2013 nat\u00fcrlich \u2013 das Wagner gedenkende Adagio das Herzst\u00fcck des Viers\u00e4tzers war, es zeichnet Dirigent und Musiker aus, dass die Sinfonie eigentlich in jedem Takt als Ganzes erstand: ein Werden und Wollen, Erscheinen und Vergehen. Das baute sich freilich ohne jede Eitelkeit und D\u00fcnkel auf, scheinbar organisch, atemraubend majest\u00e4tisch sch\u00f6n, aber nie kalt erhaben. Das floss, das pulsierte, das atmete warm und stand doch da, unsichtbar, als abstraktes und dabei plastisches, scheinbar zu greifendes Ganzes. Allein wie Muti Schlusst\u00f6ne abtreppt, verhauchen und verschwinden lie\u00df \u2013 meisterhaft. Die von Rainer Honeck angef\u00fchrten Streicher als golden f\u00fclliges Fundament, die niemals zackigen Bl\u00e4ser, \u00fcberkuppelten von den Wagnertuben. Und das alles auf diesen unnachahmlich Wienerische Art eben nicht \u00fcberperfekt, als makelloses Kollektiv, sondern immer die Individuen sp\u00fcren lassend. Und von Riccardo Muti mit L\u00e4ssigkeit und ohne jedes Hetzen ausgelotet. Nur in den letzten beiden S\u00e4tzen zeigte er auch mal mit packendem Grimm seine wei\u00dfen Z\u00e4hne. Toll!<\/p>\n<p style=\"text-align: right;\">Manuel Brug, <em>Brugs Klassiker<\/em>, December 19th, 2018<\/p>\n<div class=\"fusion-fullwidth fullwidth-box fusion-builder-row-1 hundred-percent-fullwidth non-hundred-percent-height-scrolling\" style=\"--awb-border-radius-top-left:0px;--awb-border-radius-top-right:0px;--awb-border-radius-bottom-right:0px;--awb-border-radius-bottom-left:0px;--awb-overflow:visible;--awb-flex-wrap:wrap;\" ><div class=\"fusion-builder-row fusion-row\"><div class=\"fusion-layout-column fusion_builder_column fusion-builder-column-0 fusion_builder_column_1_1 1_1 fusion-one-full fusion-column-first fusion-column-last fusion-column-no-min-height\" style=\"--awb-bg-size:cover;--awb-margin-bottom:0px;\"><div class=\"fusion-column-wrapper fusion-flex-column-wrapper-legacy\"><div class=\"vaiallostore\">\n<a href=\"https:\/\/www.riccardomutimusic.com\/en\/\"> Visit the Store <\/a><\/div><style>#toTop{display:none;}.to-top-container{display:none;visibility:hidden}<br \/><\/style><div class=\"fusion-clearfix\"><\/div><\/div><\/div><\/div><\/div>\n","protected":false},"excerpt":{"rendered":"<p>&#8220;It was built naturally, without vanity or arrogance, apparently organically, breathtakingly and majestically beautiful, but never coldly superior. It flowed, it pulsed, it breathed warmly and yet it stood there,  [&#8230;]<\/p>\n","protected":false},"author":3,"featured_media":8394,"comment_status":"open","ping_status":"open","sticky":false,"template":"","format":"standard","meta":{"footnotes":""},"categories":[266,297,283],"tags":[],"class_list":["post-8398","post","type-post","status-publish","format-standard","has-post-thumbnail","hentry","category-concerti-en","category-tour-2-en","category-wiener-philharmoniker-en"],"yoast_head":"<!-- This site is optimized with the Yoast SEO plugin v26.9 - https:\/\/yoast.com\/product\/yoast-seo-wordpress\/ -->\n<title>The Vienna Philharmonic with Bruckner\u2019s Seventh conducted by Muti in Berlin in December 2018 - Riccardo Muti<\/title>\n<meta name=\"robots\" content=\"index, follow, max-snippet:-1, max-image-preview:large, max-video-preview:-1\" \/>\n<link rel=\"canonical\" href=\"https:\/\/www.riccardomuti.com\/en\/2019\/01\/18\/the-vienna-philharmonic-with-bruckners-seventh-conducted-by-muti-in-berlin-in-december-2018\/\" \/>\n<meta property=\"og:locale\" content=\"en_US\" \/>\n<meta property=\"og:type\" content=\"article\" \/>\n<meta property=\"og:title\" content=\"The Vienna Philharmonic with Bruckner\u2019s Seventh conducted by Muti in Berlin in December 2018 - Riccardo Muti\" \/>\n<meta property=\"og:description\" content=\"&#8220;It was built naturally, without vanity or arrogance, apparently organically, breathtakingly and majestically beautiful, but never coldly superior. It flowed, it pulsed, it breathed warmly and yet it stood there, [...]\" \/>\n<meta property=\"og:url\" content=\"https:\/\/www.riccardomuti.com\/en\/2019\/01\/18\/the-vienna-philharmonic-with-bruckners-seventh-conducted-by-muti-in-berlin-in-december-2018\/\" \/>\n<meta property=\"og:site_name\" content=\"Riccardo Muti\" \/>\n<meta property=\"article:publisher\" content=\"https:\/\/www.facebook.com\/RiccardoMutiOfficial\/\" \/>\n<meta property=\"article:published_time\" content=\"2019-01-18T15:25:48+00:00\" \/>\n<meta property=\"article:modified_time\" content=\"2021-06-01T06:40:58+00:00\" \/>\n<meta property=\"og:image\" content=\"https:\/\/www.riccardomuti.com\/wp-content\/uploads\/48368310_1942604522483816_475037324401442816_n.jpg\" \/>\n\t<meta property=\"og:image:width\" content=\"850\" \/>\n\t<meta property=\"og:image:height\" content=\"567\" \/>\n\t<meta property=\"og:image:type\" content=\"image\/jpeg\" \/>\n<meta name=\"author\" content=\"rmm_classic\" \/>\n<meta name=\"twitter:card\" content=\"summary_large_image\" \/>\n<meta name=\"twitter:label1\" content=\"Written by\" \/>\n\t<meta name=\"twitter:data1\" content=\"rmm_classic\" \/>\n\t<meta name=\"twitter:label2\" content=\"Est. reading time\" \/>\n\t<meta name=\"twitter:data2\" content=\"4 minutes\" \/>\n<script type=\"application\/ld+json\" class=\"yoast-schema-graph\">{\"@context\":\"https:\/\/schema.org\",\"@graph\":[{\"@type\":\"Article\",\"@id\":\"https:\/\/www.riccardomuti.com\/en\/2019\/01\/18\/the-vienna-philharmonic-with-bruckners-seventh-conducted-by-muti-in-berlin-in-december-2018\/#article\",\"isPartOf\":{\"@id\":\"https:\/\/www.riccardomuti.com\/en\/2019\/01\/18\/the-vienna-philharmonic-with-bruckners-seventh-conducted-by-muti-in-berlin-in-december-2018\/\"},\"author\":{\"name\":\"rmm_classic\",\"@id\":\"https:\/\/www.riccardomuti.com\/en\/#\/schema\/person\/9a75373cddd7bdabeab4ebbbb93aa0e8\"},\"headline\":\"The Vienna Philharmonic with Bruckner\u2019s Seventh conducted by Muti in Berlin in December 2018\",\"datePublished\":\"2019-01-18T15:25:48+00:00\",\"dateModified\":\"2021-06-01T06:40:58+00:00\",\"mainEntityOfPage\":{\"@id\":\"https:\/\/www.riccardomuti.com\/en\/2019\/01\/18\/the-vienna-philharmonic-with-bruckners-seventh-conducted-by-muti-in-berlin-in-december-2018\/\"},\"wordCount\":829,\"commentCount\":0,\"image\":{\"@id\":\"https:\/\/www.riccardomuti.com\/en\/2019\/01\/18\/the-vienna-philharmonic-with-bruckners-seventh-conducted-by-muti-in-berlin-in-december-2018\/#primaryimage\"},\"thumbnailUrl\":\"https:\/\/www.riccardomuti.com\/wp-content\/uploads\/48368310_1942604522483816_475037324401442816_n.jpg\",\"articleSection\":[\"Concerti\",\"Tour\",\"Wiener Philharmoniker\"],\"inLanguage\":\"en-US\"},{\"@type\":\"WebPage\",\"@id\":\"https:\/\/www.riccardomuti.com\/en\/2019\/01\/18\/the-vienna-philharmonic-with-bruckners-seventh-conducted-by-muti-in-berlin-in-december-2018\/\",\"url\":\"https:\/\/www.riccardomuti.com\/en\/2019\/01\/18\/the-vienna-philharmonic-with-bruckners-seventh-conducted-by-muti-in-berlin-in-december-2018\/\",\"name\":\"The Vienna Philharmonic with Bruckner\u2019s Seventh conducted by Muti in Berlin in December 2018 - Riccardo Muti\",\"isPartOf\":{\"@id\":\"https:\/\/www.riccardomuti.com\/en\/#website\"},\"primaryImageOfPage\":{\"@id\":\"https:\/\/www.riccardomuti.com\/en\/2019\/01\/18\/the-vienna-philharmonic-with-bruckners-seventh-conducted-by-muti-in-berlin-in-december-2018\/#primaryimage\"},\"image\":{\"@id\":\"https:\/\/www.riccardomuti.com\/en\/2019\/01\/18\/the-vienna-philharmonic-with-bruckners-seventh-conducted-by-muti-in-berlin-in-december-2018\/#primaryimage\"},\"thumbnailUrl\":\"https:\/\/www.riccardomuti.com\/wp-content\/uploads\/48368310_1942604522483816_475037324401442816_n.jpg\",\"datePublished\":\"2019-01-18T15:25:48+00:00\",\"dateModified\":\"2021-06-01T06:40:58+00:00\",\"author\":{\"@id\":\"https:\/\/www.riccardomuti.com\/en\/#\/schema\/person\/9a75373cddd7bdabeab4ebbbb93aa0e8\"},\"breadcrumb\":{\"@id\":\"https:\/\/www.riccardomuti.com\/en\/2019\/01\/18\/the-vienna-philharmonic-with-bruckners-seventh-conducted-by-muti-in-berlin-in-december-2018\/#breadcrumb\"},\"inLanguage\":\"en-US\",\"potentialAction\":[{\"@type\":\"ReadAction\",\"target\":[\"https:\/\/www.riccardomuti.com\/en\/2019\/01\/18\/the-vienna-philharmonic-with-bruckners-seventh-conducted-by-muti-in-berlin-in-december-2018\/\"]}]},{\"@type\":\"ImageObject\",\"inLanguage\":\"en-US\",\"@id\":\"https:\/\/www.riccardomuti.com\/en\/2019\/01\/18\/the-vienna-philharmonic-with-bruckners-seventh-conducted-by-muti-in-berlin-in-december-2018\/#primaryimage\",\"url\":\"https:\/\/www.riccardomuti.com\/wp-content\/uploads\/48368310_1942604522483816_475037324401442816_n.jpg\",\"contentUrl\":\"https:\/\/www.riccardomuti.com\/wp-content\/uploads\/48368310_1942604522483816_475037324401442816_n.jpg\",\"width\":850,\"height\":567},{\"@type\":\"BreadcrumbList\",\"@id\":\"https:\/\/www.riccardomuti.com\/en\/2019\/01\/18\/the-vienna-philharmonic-with-bruckners-seventh-conducted-by-muti-in-berlin-in-december-2018\/#breadcrumb\",\"itemListElement\":[{\"@type\":\"ListItem\",\"position\":1,\"name\":\"Home\",\"item\":\"https:\/\/www.riccardomuti.com\/en\/\"},{\"@type\":\"ListItem\",\"position\":2,\"name\":\"The Vienna Philharmonic with Bruckner\u2019s Seventh conducted by Muti in Berlin in December 2018\"}]},{\"@type\":\"WebSite\",\"@id\":\"https:\/\/www.riccardomuti.com\/en\/#website\",\"url\":\"https:\/\/www.riccardomuti.com\/en\/\",\"name\":\"Riccardo Muti\",\"description\":\"Sito ufficiale di Riccardo Muti\",\"potentialAction\":[{\"@type\":\"SearchAction\",\"target\":{\"@type\":\"EntryPoint\",\"urlTemplate\":\"https:\/\/www.riccardomuti.com\/en\/?s={search_term_string}\"},\"query-input\":{\"@type\":\"PropertyValueSpecification\",\"valueRequired\":true,\"valueName\":\"search_term_string\"}}],\"inLanguage\":\"en-US\"},{\"@type\":\"Person\",\"@id\":\"https:\/\/www.riccardomuti.com\/en\/#\/schema\/person\/9a75373cddd7bdabeab4ebbbb93aa0e8\",\"name\":\"rmm_classic\",\"image\":{\"@type\":\"ImageObject\",\"inLanguage\":\"en-US\",\"@id\":\"https:\/\/www.riccardomuti.com\/en\/#\/schema\/person\/image\/\",\"url\":\"https:\/\/secure.gravatar.com\/avatar\/fb70d32677448f9840343cae801b4cd24195ca9c30081411f585eda614a55b45?s=96&d=mm&r=g\",\"contentUrl\":\"https:\/\/secure.gravatar.com\/avatar\/fb70d32677448f9840343cae801b4cd24195ca9c30081411f585eda614a55b45?s=96&d=mm&r=g\",\"caption\":\"rmm_classic\"}}]}<\/script>\n<!-- \/ Yoast SEO plugin. -->","yoast_head_json":{"title":"The Vienna Philharmonic with Bruckner\u2019s Seventh conducted by Muti in Berlin in December 2018 - Riccardo Muti","robots":{"index":"index","follow":"follow","max-snippet":"max-snippet:-1","max-image-preview":"max-image-preview:large","max-video-preview":"max-video-preview:-1"},"canonical":"https:\/\/www.riccardomuti.com\/en\/2019\/01\/18\/the-vienna-philharmonic-with-bruckners-seventh-conducted-by-muti-in-berlin-in-december-2018\/","og_locale":"en_US","og_type":"article","og_title":"The Vienna Philharmonic with Bruckner\u2019s Seventh conducted by Muti in Berlin in December 2018 - Riccardo Muti","og_description":"&#8220;It was built naturally, without vanity or arrogance, apparently organically, breathtakingly and majestically beautiful, but never coldly superior. It flowed, it pulsed, it breathed warmly and yet it stood there, [...]","og_url":"https:\/\/www.riccardomuti.com\/en\/2019\/01\/18\/the-vienna-philharmonic-with-bruckners-seventh-conducted-by-muti-in-berlin-in-december-2018\/","og_site_name":"Riccardo Muti","article_publisher":"https:\/\/www.facebook.com\/RiccardoMutiOfficial\/","article_published_time":"2019-01-18T15:25:48+00:00","article_modified_time":"2021-06-01T06:40:58+00:00","og_image":[{"width":850,"height":567,"url":"https:\/\/www.riccardomuti.com\/wp-content\/uploads\/48368310_1942604522483816_475037324401442816_n.jpg","type":"image\/jpeg"}],"author":"rmm_classic","twitter_card":"summary_large_image","twitter_misc":{"Written by":"rmm_classic","Est. reading time":"4 minutes"},"schema":{"@context":"https:\/\/schema.org","@graph":[{"@type":"Article","@id":"https:\/\/www.riccardomuti.com\/en\/2019\/01\/18\/the-vienna-philharmonic-with-bruckners-seventh-conducted-by-muti-in-berlin-in-december-2018\/#article","isPartOf":{"@id":"https:\/\/www.riccardomuti.com\/en\/2019\/01\/18\/the-vienna-philharmonic-with-bruckners-seventh-conducted-by-muti-in-berlin-in-december-2018\/"},"author":{"name":"rmm_classic","@id":"https:\/\/www.riccardomuti.com\/en\/#\/schema\/person\/9a75373cddd7bdabeab4ebbbb93aa0e8"},"headline":"The Vienna Philharmonic with Bruckner\u2019s Seventh conducted by Muti in Berlin in December 2018","datePublished":"2019-01-18T15:25:48+00:00","dateModified":"2021-06-01T06:40:58+00:00","mainEntityOfPage":{"@id":"https:\/\/www.riccardomuti.com\/en\/2019\/01\/18\/the-vienna-philharmonic-with-bruckners-seventh-conducted-by-muti-in-berlin-in-december-2018\/"},"wordCount":829,"commentCount":0,"image":{"@id":"https:\/\/www.riccardomuti.com\/en\/2019\/01\/18\/the-vienna-philharmonic-with-bruckners-seventh-conducted-by-muti-in-berlin-in-december-2018\/#primaryimage"},"thumbnailUrl":"https:\/\/www.riccardomuti.com\/wp-content\/uploads\/48368310_1942604522483816_475037324401442816_n.jpg","articleSection":["Concerti","Tour","Wiener Philharmoniker"],"inLanguage":"en-US"},{"@type":"WebPage","@id":"https:\/\/www.riccardomuti.com\/en\/2019\/01\/18\/the-vienna-philharmonic-with-bruckners-seventh-conducted-by-muti-in-berlin-in-december-2018\/","url":"https:\/\/www.riccardomuti.com\/en\/2019\/01\/18\/the-vienna-philharmonic-with-bruckners-seventh-conducted-by-muti-in-berlin-in-december-2018\/","name":"The Vienna Philharmonic with Bruckner\u2019s Seventh conducted by Muti in Berlin in December 2018 - Riccardo Muti","isPartOf":{"@id":"https:\/\/www.riccardomuti.com\/en\/#website"},"primaryImageOfPage":{"@id":"https:\/\/www.riccardomuti.com\/en\/2019\/01\/18\/the-vienna-philharmonic-with-bruckners-seventh-conducted-by-muti-in-berlin-in-december-2018\/#primaryimage"},"image":{"@id":"https:\/\/www.riccardomuti.com\/en\/2019\/01\/18\/the-vienna-philharmonic-with-bruckners-seventh-conducted-by-muti-in-berlin-in-december-2018\/#primaryimage"},"thumbnailUrl":"https:\/\/www.riccardomuti.com\/wp-content\/uploads\/48368310_1942604522483816_475037324401442816_n.jpg","datePublished":"2019-01-18T15:25:48+00:00","dateModified":"2021-06-01T06:40:58+00:00","author":{"@id":"https:\/\/www.riccardomuti.com\/en\/#\/schema\/person\/9a75373cddd7bdabeab4ebbbb93aa0e8"},"breadcrumb":{"@id":"https:\/\/www.riccardomuti.com\/en\/2019\/01\/18\/the-vienna-philharmonic-with-bruckners-seventh-conducted-by-muti-in-berlin-in-december-2018\/#breadcrumb"},"inLanguage":"en-US","potentialAction":[{"@type":"ReadAction","target":["https:\/\/www.riccardomuti.com\/en\/2019\/01\/18\/the-vienna-philharmonic-with-bruckners-seventh-conducted-by-muti-in-berlin-in-december-2018\/"]}]},{"@type":"ImageObject","inLanguage":"en-US","@id":"https:\/\/www.riccardomuti.com\/en\/2019\/01\/18\/the-vienna-philharmonic-with-bruckners-seventh-conducted-by-muti-in-berlin-in-december-2018\/#primaryimage","url":"https:\/\/www.riccardomuti.com\/wp-content\/uploads\/48368310_1942604522483816_475037324401442816_n.jpg","contentUrl":"https:\/\/www.riccardomuti.com\/wp-content\/uploads\/48368310_1942604522483816_475037324401442816_n.jpg","width":850,"height":567},{"@type":"BreadcrumbList","@id":"https:\/\/www.riccardomuti.com\/en\/2019\/01\/18\/the-vienna-philharmonic-with-bruckners-seventh-conducted-by-muti-in-berlin-in-december-2018\/#breadcrumb","itemListElement":[{"@type":"ListItem","position":1,"name":"Home","item":"https:\/\/www.riccardomuti.com\/en\/"},{"@type":"ListItem","position":2,"name":"The Vienna Philharmonic with Bruckner\u2019s Seventh conducted by Muti in Berlin in December 2018"}]},{"@type":"WebSite","@id":"https:\/\/www.riccardomuti.com\/en\/#website","url":"https:\/\/www.riccardomuti.com\/en\/","name":"Riccardo Muti","description":"Sito ufficiale di Riccardo Muti","potentialAction":[{"@type":"SearchAction","target":{"@type":"EntryPoint","urlTemplate":"https:\/\/www.riccardomuti.com\/en\/?s={search_term_string}"},"query-input":{"@type":"PropertyValueSpecification","valueRequired":true,"valueName":"search_term_string"}}],"inLanguage":"en-US"},{"@type":"Person","@id":"https:\/\/www.riccardomuti.com\/en\/#\/schema\/person\/9a75373cddd7bdabeab4ebbbb93aa0e8","name":"rmm_classic","image":{"@type":"ImageObject","inLanguage":"en-US","@id":"https:\/\/www.riccardomuti.com\/en\/#\/schema\/person\/image\/","url":"https:\/\/secure.gravatar.com\/avatar\/fb70d32677448f9840343cae801b4cd24195ca9c30081411f585eda614a55b45?s=96&d=mm&r=g","contentUrl":"https:\/\/secure.gravatar.com\/avatar\/fb70d32677448f9840343cae801b4cd24195ca9c30081411f585eda614a55b45?s=96&d=mm&r=g","caption":"rmm_classic"}}]}},"_links":{"self":[{"href":"https:\/\/www.riccardomuti.com\/en\/wp-json\/wp\/v2\/posts\/8398","targetHints":{"allow":["GET"]}}],"collection":[{"href":"https:\/\/www.riccardomuti.com\/en\/wp-json\/wp\/v2\/posts"}],"about":[{"href":"https:\/\/www.riccardomuti.com\/en\/wp-json\/wp\/v2\/types\/post"}],"author":[{"embeddable":true,"href":"https:\/\/www.riccardomuti.com\/en\/wp-json\/wp\/v2\/users\/3"}],"replies":[{"embeddable":true,"href":"https:\/\/www.riccardomuti.com\/en\/wp-json\/wp\/v2\/comments?post=8398"}],"version-history":[{"count":0,"href":"https:\/\/www.riccardomuti.com\/en\/wp-json\/wp\/v2\/posts\/8398\/revisions"}],"wp:featuredmedia":[{"embeddable":true,"href":"https:\/\/www.riccardomuti.com\/en\/wp-json\/wp\/v2\/media\/8394"}],"wp:attachment":[{"href":"https:\/\/www.riccardomuti.com\/en\/wp-json\/wp\/v2\/media?parent=8398"}],"wp:term":[{"taxonomy":"category","embeddable":true,"href":"https:\/\/www.riccardomuti.com\/en\/wp-json\/wp\/v2\/categories?post=8398"},{"taxonomy":"post_tag","embeddable":true,"href":"https:\/\/www.riccardomuti.com\/en\/wp-json\/wp\/v2\/tags?post=8398"}],"curies":[{"name":"wp","href":"https:\/\/api.w.org\/{rel}","templated":true}]}}