{"id":13437,"date":"2021-08-18T10:05:47","date_gmt":"2021-08-18T08:05:47","guid":{"rendered":"https:\/\/www.riccardomuti.com\/?p=13437"},"modified":"2021-08-20T09:07:00","modified_gmt":"2021-08-20T07:07:00","slug":"austrian-highest-decoration","status":"publish","type":"post","link":"https:\/\/www.riccardomuti.com\/en\/2021\/08\/18\/austrian-highest-decoration\/","title":{"rendered":"Riccardo Muti presented with Austria&#8217;s highest decoration"},"content":{"rendered":"<div id=\"meldungstext\" class=\"mt-2\">\n<p>On August 15, 2021 Riccardo Muti received <span class=\"y2iqfc\"><span lang=\"EN\">the highest honor that the Austrian State bestows on those who do not hold institutional positions<\/span><\/span>. The <em>Gro\u00dfes Goldenes Ehrenzeichen f\u00fcr Verdienste um die Republik \u00d6sterreich<\/em> (Great Gold Medal of Honor for services to the Austrian Republic) was handed by the Regional Governor Wilfried Haslauer (in the photo), in the name of the President of the Austrian Republic, Alexander Van der Bellen.<\/p>\n<p>&nbsp;<\/p>\n<p>Official Communication of the Land of Salzburg:<\/p>\n<h2>Riccardo Muti: \u201eEr dirigiert \u2013 und Salzburg l\u00e4chelt\u201c<\/h2>\n<h5>Gro\u00dfes Goldenes Ehrenzeichen f\u00fcr Verdienste um die Republik \u00d6sterreich f\u00fcr den Maestro<\/h5>\n<p>Salzburger Landeskorrespondenz, 15. August 2021<\/p>\n<\/div>\n<div class=\"mt-3\">\n<p class=\"LK-Text\"><strong>(LK)\u00a0 Er z\u00e4hlt zu den gr\u00f6\u00dften Dirigenten der Gegenwart und ist seit mittlerweile f\u00fcnf Jahrzehnten ein fixer Bestandteil der Salzburger Festspiele: Riccardo Muti. Heute wird der Italiener f\u00fcr seine Leistungen und nachtr\u00e4glich zum 80. Geburtstag von Landeshauptmann Wilfried Haslauer mit dem Gro\u00dfen Goldenen Ehrenzeichen f\u00fcr Verdienste um die Republik \u00d6sterreich ausgezeichnet.<\/strong><\/p>\n<div id=\"demo\" class=\"carousel\" data-ride=\"carousel slide border\" data-interval=\"false\">\n<p class=\"LK-Text\">\u201eRiccardo Muti hat durch sein Schaffen nachhaltig Festspielgeschichte geschrieben und sich in unz\u00e4hlige Herzen in- und au\u00dferhalb Salzburgs hineindirigiert. Seit 1971 stand der Maestro nicht weniger als 270 Mal auf und vor der Festspielb\u00fchne, einzig sein Mentor Herbert von Karajan leitete hier noch mehr Konzerte und Opern. Heute sprechen wir nach 50 Jahren Dirigat in Salzburg stolz und dankbar von einer aufrichtigen, wechselseitigen Freundschaft zwischen ihm und der Mozartstadt. Umso mehr freut es mich, dass diese Zuneigung nun auch von der Republik mit einer so hohen Auszeichnung gew\u00fcrdigt wird\u201c, so Landeshauptmann Wilfried Haslauer anl\u00e4sslich der feierlichen Verleihung.<\/p>\n<p class=\"LK-Zwischentext\"><strong>Musikalit\u00e4t, Leidenschaft und Perfektion<\/strong><\/p>\n<p class=\"LK-Text\">\u201eOper und Schauspiel, von beidem das H\u00f6chste. Die Qualit\u00e4t als j\u00e4hrlich neu zu erinnernder Anspruch, das war der Gr\u00fcndungsauftrag der Salzburger Festspiele vor 100 Jahren. Diesem wird Riccardo Muti seit einem halben Jahrhundert geradezu idealtypisch gerecht. Seine hohe Musikalit\u00e4t, seine Leidenschaft, sein unerbittlicher Perfektionsanspruch machen ihn zur beeindruckenden Konstante in einer von oberfl\u00e4chlichen Events bedrohten Kulturlandschaft. Riccardo Muti ist ein Star im leuchtenden Sinne des Wortes\u201c, bedankt sich Pr\u00e4sidentin Helga Rabl-Stadler im Namen des Direktoriums der Salzburger Festspiele.<\/p>\n<p class=\"LK-Zwischentext\"><strong>Geb\u00fcrtiger Neapolitaner<\/strong><\/p>\n<p class=\"LK-Text\">Bereits in der Kindheit war Riccardo Muti am Klavierspielen interessiert. Nach dem Gymnasium begann er ein Studium f\u00fcr Klavier und Philosophie in seiner Heimatstadt Neapel. Es folgte die Ausbildung in Komposition und Dirigieren im Mail\u00e4nder Verdi-Konservatorium, die er mit Auszeichnung absolvierte. Die Initialz\u00fcndung von Mutis gro\u00dfartiger, internationaler Karriere fand im Jahr 1967 als Sieger des Guido-Cantelli-Wettbewerbs f\u00fcr Dirigenten statt.<\/p>\n<p class=\"LK-Zwischentext\"><strong>Herbert von Karajan als Mentor<\/strong><\/p>\n<p class=\"LK-Text\">Im Sommer 1971 hat Herbert von Karajan den \u201eGeheimtipp der jungen Dirigentengeneration\u201c f\u00fcr Donizettis \u201eDon Pasquale\u201c erstmals nach Salzburg geholt, seither begeisterte er Jahr f\u00fcr Jahr die Massen, beispielsweise 1982 bei Mozarts Oper \u201eCos\u00ec fan tutte\u201c, bei \u201eAida\u201c 2017 und auch heuer mit Beethovens \u201eMissa Solemnis\u201c. Auch au\u00dferhalb der Salzburger Festspiele ist Muti ein \u00e4u\u00dferst gefragter Orchesterleiter, unter anderem f\u00fchrte er die Wiener Philharmoniker bereits sechs Mal durch das Programm des traditionellen Neujahrskonzerts, zuletzt 2021.<\/p>\n<\/div>\n<\/div>\n<p>&nbsp;<\/p>\n<p>Free translation of an extract:<\/p>\n<blockquote><p>&#8220;On the occasion of the ceremony, Governor Haslauer stated: &#8216;<span class=\"\">Through his lon<\/span><span class=\"\">g-lasting work, Riccardo Muti has made the history of Salzburg Festival and has guided himself into countless hearts in and outside Salzburg. <\/span>Since 1971 the Maestro has stood up and in front of the festival stage no less than 270 times, only his mentor Herbert von Karajan conducted more concerts and operas here. Today, after 50 years of conducting in Salzburg, we proudly and gratefully speak of a sincere, mutual friendship between him and the city of Mozart.\u00a0<span class=\"goog-text-highlight\">I am therefore all the more pleased that this affection has now also been recognized by the Republic with such a high distinction.&#8217;<\/span><\/p>\n<p class=\"LK-Zwischentext\"><strong>Herbert von Karajan as a mentor<\/strong><\/p>\n<p class=\"LK-Text\">In the summer of 1971 Herbert von Karajan brought the \u201csuggestion from the young generation of conductors\u201d for Donizetti&#8217;s <em>Don<\/em> <em>Pasquale<\/em> to Salzburg for the first time, since then Muti has thrilled the audience year by year, for example in 1982 with Mozart&#8217;s opera\u00a0<em>Cos\u00ec fan tutte<\/em>, in 2017 with Verdi&#8217;s\u00a0<em>Aida<\/em>\u00a0and also this year with Beethoven&#8217;s <em>Missa Solemnis<\/em>. A<span class=\"goog-text-highlight\">s a conductor, <\/span><span class=\"goog-text-highlight\">Muti is in great demand also outside the Salzburg Festival. Among other orchestras, he has already conducted the Vienna Philharmonic six times through the program of the traditional New Year&#8217;s Concert, most recently in 2021.&#8221;<\/span><\/p>\n<\/blockquote>\n<div><div class=\"vaiallostore\">\n<a href=\"https:\/\/www.riccardomutimusic.com\/en\/\"> Visit the Store <\/a><\/div><style>#toTop{display:none;}.to-top-container{display:none;visibility:hidden}<br \/><\/style><\/div>\n<div><\/div>\n<div>\n<hr \/>\n<\/div>\n<div><\/div>\n<p style=\"text-align: center;\"><span style=\"text-decoration: underline;\"><a href=\"https:\/\/www.riccardomutimusic.com\/en\/rmm-streaming-platform\/\">DISCOVER THE RICCARDOMUTIMUSIC DIGITAL STREAMING PLATFORM<\/a><\/span><\/p>\n<p style=\"text-align: center;\"><a class=\"fusion-no-lightbox\" href=\"https:\/\/www.riccardomutimusic.com\/en\/rmm-streaming-platform\/\"><img decoding=\"async\" class=\"alignnone wp-image-9569\" src=\"https:\/\/www.riccardomuti.com\/wp-content\/uploads\/\/LogoDiscoRMMusic-1024x1024.jpg\" sizes=\"(max-width: 250px) 100vw, 250px\" srcset=\"https:\/\/www.riccardomuti.com\/wp-content\/uploads\/LogoDiscoRMMusic-66x66.jpg 66w, https:\/\/www.riccardomuti.com\/wp-content\/uploads\/LogoDiscoRMMusic-150x150.jpg 150w, https:\/\/www.riccardomuti.com\/wp-content\/uploads\/LogoDiscoRMMusic-200x200.jpg 200w, https:\/\/www.riccardomuti.com\/wp-content\/uploads\/LogoDiscoRMMusic-300x300.jpg 300w, https:\/\/www.riccardomuti.com\/wp-content\/uploads\/LogoDiscoRMMusic-400x400.jpg 400w, https:\/\/www.riccardomuti.com\/wp-content\/uploads\/LogoDiscoRMMusic-600x600.jpg 600w, https:\/\/www.riccardomuti.com\/wp-content\/uploads\/LogoDiscoRMMusic-768x768.jpg 768w, https:\/\/www.riccardomuti.com\/wp-content\/uploads\/LogoDiscoRMMusic-800x800.jpg 800w, https:\/\/www.riccardomuti.com\/wp-content\/uploads\/\/LogoDiscoRMMusic-1024x1024.jpg 1024w, https:\/\/www.riccardomuti.com\/wp-content\/uploads\/LogoDiscoRMMusic-1200x1200.jpg 1200w, https:\/\/www.riccardomuti.com\/wp-content\/uploads\/LogoDiscoRMMusic.jpg 1585w\" alt=\"\" width=\"250\" height=\"250\" \/><\/a><\/p>\n<div style=\"text-align: center;\">\n<p><span style=\"text-decoration: underline;\"><a href=\"https:\/\/www.riccardomutimusic.com\/en\/\">RICCARDOMUTIMUSIC STORE<\/a><\/span><\/p>\n<\/div>\n<div style=\"text-align: center;\"><span style=\"text-decoration: underline;\"><a href=\"https:\/\/www.riccardomutimusic.com\/en\/newsletter-2\/\">Subscribe<\/a><\/span> to the free newsletter<br \/>\nand be first to discover all information and news,<\/div>\n<div style=\"text-align: center;\">exclusive content and live streaming videos.<\/div>\n<hr \/>\n","protected":false},"excerpt":{"rendered":"<p>On August 15, 2021 Riccardo Muti received the highest honor that the Austrian State bestows on those who do not hold institutional positions. The Gro\u00dfes Goldenes Ehrenzeichen f\u00fcr Verdienste um  [&#8230;]<\/p>\n","protected":false},"author":2,"featured_media":13439,"comment_status":"open","ping_status":"open","sticky":false,"template":"","format":"standard","meta":{"footnotes":""},"categories":[407,332,344,408,243],"tags":[],"class_list":["post-13437","post","type-post","status-publish","format-standard","has-post-thumbnail","hentry","category-austria-2","category-press","category-riconoscimenti-en","category-salzburg","category-stampa-en"],"yoast_head":"<!-- This site is optimized with the Yoast SEO plugin v26.9 - https:\/\/yoast.com\/product\/yoast-seo-wordpress\/ -->\n<title>Riccardo Muti presented with Austria&#039;s highest decoration - Riccardo Muti<\/title>\n<meta name=\"robots\" content=\"index, follow, max-snippet:-1, max-image-preview:large, max-video-preview:-1\" \/>\n<link rel=\"canonical\" href=\"https:\/\/www.riccardomuti.com\/en\/2021\/08\/18\/austrian-highest-decoration\/\" \/>\n<meta property=\"og:locale\" content=\"en_US\" \/>\n<meta property=\"og:type\" content=\"article\" \/>\n<meta property=\"og:title\" content=\"Riccardo Muti presented with Austria&#039;s highest decoration - Riccardo Muti\" \/>\n<meta property=\"og:description\" content=\"On August 15, 2021 Riccardo Muti received the highest honor that the Austrian State bestows on those who do not hold institutional positions. The Gro\u00dfes Goldenes Ehrenzeichen f\u00fcr Verdienste um [...]\" \/>\n<meta property=\"og:url\" content=\"https:\/\/www.riccardomuti.com\/en\/2021\/08\/18\/austrian-highest-decoration\/\" \/>\n<meta property=\"og:site_name\" content=\"Riccardo Muti\" \/>\n<meta property=\"article:publisher\" content=\"https:\/\/www.facebook.com\/RiccardoMutiOfficial\/\" \/>\n<meta property=\"article:published_time\" content=\"2021-08-18T08:05:47+00:00\" \/>\n<meta property=\"article:modified_time\" content=\"2021-08-20T07:07:00+00:00\" \/>\n<meta property=\"og:image\" content=\"https:\/\/www.riccardomuti.com\/wp-content\/uploads\/Haslauer-Muti_-Grose-Goldene-Ehrenzeichen_2021-\u00a9FranzNeumayr-LandSalzburg.jpg\" \/>\n\t<meta property=\"og:image:width\" content=\"1024\" \/>\n\t<meta property=\"og:image:height\" content=\"683\" \/>\n\t<meta property=\"og:image:type\" content=\"image\/jpeg\" \/>\n<meta name=\"author\" content=\"rmm_manager\" \/>\n<meta name=\"twitter:card\" content=\"summary_large_image\" \/>\n<meta name=\"twitter:label1\" content=\"Written by\" \/>\n\t<meta name=\"twitter:data1\" content=\"rmm_manager\" \/>\n\t<meta name=\"twitter:label2\" content=\"Est. reading time\" \/>\n\t<meta name=\"twitter:data2\" content=\"4 minutes\" \/>\n<script type=\"application\/ld+json\" class=\"yoast-schema-graph\">{\"@context\":\"https:\/\/schema.org\",\"@graph\":[{\"@type\":\"Article\",\"@id\":\"https:\/\/www.riccardomuti.com\/en\/2021\/08\/18\/austrian-highest-decoration\/#article\",\"isPartOf\":{\"@id\":\"https:\/\/www.riccardomuti.com\/en\/2021\/08\/18\/austrian-highest-decoration\/\"},\"author\":{\"name\":\"rmm_manager\",\"@id\":\"https:\/\/www.riccardomuti.com\/en\/#\/schema\/person\/f9f4b90f685ff3943fa5b34d557c6849\"},\"headline\":\"Riccardo Muti presented with Austria&#8217;s highest decoration\",\"datePublished\":\"2021-08-18T08:05:47+00:00\",\"dateModified\":\"2021-08-20T07:07:00+00:00\",\"mainEntityOfPage\":{\"@id\":\"https:\/\/www.riccardomuti.com\/en\/2021\/08\/18\/austrian-highest-decoration\/\"},\"wordCount\":753,\"commentCount\":0,\"image\":{\"@id\":\"https:\/\/www.riccardomuti.com\/en\/2021\/08\/18\/austrian-highest-decoration\/#primaryimage\"},\"thumbnailUrl\":\"https:\/\/www.riccardomuti.com\/wp-content\/uploads\/Haslauer-Muti_-Grose-Goldene-Ehrenzeichen_2021-\u00a9FranzNeumayr-LandSalzburg.jpg\",\"articleSection\":[\"Austria\",\"Press\",\"Riconoscimenti\",\"Salzburg\",\"Stampa\"],\"inLanguage\":\"en-US\"},{\"@type\":\"WebPage\",\"@id\":\"https:\/\/www.riccardomuti.com\/en\/2021\/08\/18\/austrian-highest-decoration\/\",\"url\":\"https:\/\/www.riccardomuti.com\/en\/2021\/08\/18\/austrian-highest-decoration\/\",\"name\":\"Riccardo Muti presented with Austria's highest decoration - Riccardo Muti\",\"isPartOf\":{\"@id\":\"https:\/\/www.riccardomuti.com\/en\/#website\"},\"primaryImageOfPage\":{\"@id\":\"https:\/\/www.riccardomuti.com\/en\/2021\/08\/18\/austrian-highest-decoration\/#primaryimage\"},\"image\":{\"@id\":\"https:\/\/www.riccardomuti.com\/en\/2021\/08\/18\/austrian-highest-decoration\/#primaryimage\"},\"thumbnailUrl\":\"https:\/\/www.riccardomuti.com\/wp-content\/uploads\/Haslauer-Muti_-Grose-Goldene-Ehrenzeichen_2021-\u00a9FranzNeumayr-LandSalzburg.jpg\",\"datePublished\":\"2021-08-18T08:05:47+00:00\",\"dateModified\":\"2021-08-20T07:07:00+00:00\",\"author\":{\"@id\":\"https:\/\/www.riccardomuti.com\/en\/#\/schema\/person\/f9f4b90f685ff3943fa5b34d557c6849\"},\"breadcrumb\":{\"@id\":\"https:\/\/www.riccardomuti.com\/en\/2021\/08\/18\/austrian-highest-decoration\/#breadcrumb\"},\"inLanguage\":\"en-US\",\"potentialAction\":[{\"@type\":\"ReadAction\",\"target\":[\"https:\/\/www.riccardomuti.com\/en\/2021\/08\/18\/austrian-highest-decoration\/\"]}]},{\"@type\":\"ImageObject\",\"inLanguage\":\"en-US\",\"@id\":\"https:\/\/www.riccardomuti.com\/en\/2021\/08\/18\/austrian-highest-decoration\/#primaryimage\",\"url\":\"https:\/\/www.riccardomuti.com\/wp-content\/uploads\/Haslauer-Muti_-Grose-Goldene-Ehrenzeichen_2021-\u00a9FranzNeumayr-LandSalzburg.jpg\",\"contentUrl\":\"https:\/\/www.riccardomuti.com\/wp-content\/uploads\/Haslauer-Muti_-Grose-Goldene-Ehrenzeichen_2021-\u00a9FranzNeumayr-LandSalzburg.jpg\",\"width\":1024,\"height\":683},{\"@type\":\"BreadcrumbList\",\"@id\":\"https:\/\/www.riccardomuti.com\/en\/2021\/08\/18\/austrian-highest-decoration\/#breadcrumb\",\"itemListElement\":[{\"@type\":\"ListItem\",\"position\":1,\"name\":\"Home\",\"item\":\"https:\/\/www.riccardomuti.com\/en\/\"},{\"@type\":\"ListItem\",\"position\":2,\"name\":\"Riccardo Muti presented with Austria&#8217;s highest decoration\"}]},{\"@type\":\"WebSite\",\"@id\":\"https:\/\/www.riccardomuti.com\/en\/#website\",\"url\":\"https:\/\/www.riccardomuti.com\/en\/\",\"name\":\"Riccardo Muti\",\"description\":\"Sito ufficiale di Riccardo Muti\",\"potentialAction\":[{\"@type\":\"SearchAction\",\"target\":{\"@type\":\"EntryPoint\",\"urlTemplate\":\"https:\/\/www.riccardomuti.com\/en\/?s={search_term_string}\"},\"query-input\":{\"@type\":\"PropertyValueSpecification\",\"valueRequired\":true,\"valueName\":\"search_term_string\"}}],\"inLanguage\":\"en-US\"},{\"@type\":\"Person\",\"@id\":\"https:\/\/www.riccardomuti.com\/en\/#\/schema\/person\/f9f4b90f685ff3943fa5b34d557c6849\",\"name\":\"rmm_manager\",\"image\":{\"@type\":\"ImageObject\",\"inLanguage\":\"en-US\",\"@id\":\"https:\/\/www.riccardomuti.com\/en\/#\/schema\/person\/image\/\",\"url\":\"https:\/\/secure.gravatar.com\/avatar\/66b248eaedadacf518ab281396b84dfe5fa2c0c7dec78042c04ecfa0a7f896e1?s=96&d=mm&r=g\",\"contentUrl\":\"https:\/\/secure.gravatar.com\/avatar\/66b248eaedadacf518ab281396b84dfe5fa2c0c7dec78042c04ecfa0a7f896e1?s=96&d=mm&r=g\",\"caption\":\"rmm_manager\"}}]}<\/script>\n<!-- \/ Yoast SEO plugin. -->","yoast_head_json":{"title":"Riccardo Muti presented with Austria's highest decoration - Riccardo Muti","robots":{"index":"index","follow":"follow","max-snippet":"max-snippet:-1","max-image-preview":"max-image-preview:large","max-video-preview":"max-video-preview:-1"},"canonical":"https:\/\/www.riccardomuti.com\/en\/2021\/08\/18\/austrian-highest-decoration\/","og_locale":"en_US","og_type":"article","og_title":"Riccardo Muti presented with Austria's highest decoration - Riccardo Muti","og_description":"On August 15, 2021 Riccardo Muti received the highest honor that the Austrian State bestows on those who do not hold institutional positions. The Gro\u00dfes Goldenes Ehrenzeichen f\u00fcr Verdienste um [...]","og_url":"https:\/\/www.riccardomuti.com\/en\/2021\/08\/18\/austrian-highest-decoration\/","og_site_name":"Riccardo Muti","article_publisher":"https:\/\/www.facebook.com\/RiccardoMutiOfficial\/","article_published_time":"2021-08-18T08:05:47+00:00","article_modified_time":"2021-08-20T07:07:00+00:00","og_image":[{"width":1024,"height":683,"url":"https:\/\/www.riccardomuti.com\/wp-content\/uploads\/Haslauer-Muti_-Grose-Goldene-Ehrenzeichen_2021-\u00a9FranzNeumayr-LandSalzburg.jpg","type":"image\/jpeg"}],"author":"rmm_manager","twitter_card":"summary_large_image","twitter_misc":{"Written by":"rmm_manager","Est. reading time":"4 minutes"},"schema":{"@context":"https:\/\/schema.org","@graph":[{"@type":"Article","@id":"https:\/\/www.riccardomuti.com\/en\/2021\/08\/18\/austrian-highest-decoration\/#article","isPartOf":{"@id":"https:\/\/www.riccardomuti.com\/en\/2021\/08\/18\/austrian-highest-decoration\/"},"author":{"name":"rmm_manager","@id":"https:\/\/www.riccardomuti.com\/en\/#\/schema\/person\/f9f4b90f685ff3943fa5b34d557c6849"},"headline":"Riccardo Muti presented with Austria&#8217;s highest decoration","datePublished":"2021-08-18T08:05:47+00:00","dateModified":"2021-08-20T07:07:00+00:00","mainEntityOfPage":{"@id":"https:\/\/www.riccardomuti.com\/en\/2021\/08\/18\/austrian-highest-decoration\/"},"wordCount":753,"commentCount":0,"image":{"@id":"https:\/\/www.riccardomuti.com\/en\/2021\/08\/18\/austrian-highest-decoration\/#primaryimage"},"thumbnailUrl":"https:\/\/www.riccardomuti.com\/wp-content\/uploads\/Haslauer-Muti_-Grose-Goldene-Ehrenzeichen_2021-\u00a9FranzNeumayr-LandSalzburg.jpg","articleSection":["Austria","Press","Riconoscimenti","Salzburg","Stampa"],"inLanguage":"en-US"},{"@type":"WebPage","@id":"https:\/\/www.riccardomuti.com\/en\/2021\/08\/18\/austrian-highest-decoration\/","url":"https:\/\/www.riccardomuti.com\/en\/2021\/08\/18\/austrian-highest-decoration\/","name":"Riccardo Muti presented with Austria's highest decoration - Riccardo Muti","isPartOf":{"@id":"https:\/\/www.riccardomuti.com\/en\/#website"},"primaryImageOfPage":{"@id":"https:\/\/www.riccardomuti.com\/en\/2021\/08\/18\/austrian-highest-decoration\/#primaryimage"},"image":{"@id":"https:\/\/www.riccardomuti.com\/en\/2021\/08\/18\/austrian-highest-decoration\/#primaryimage"},"thumbnailUrl":"https:\/\/www.riccardomuti.com\/wp-content\/uploads\/Haslauer-Muti_-Grose-Goldene-Ehrenzeichen_2021-\u00a9FranzNeumayr-LandSalzburg.jpg","datePublished":"2021-08-18T08:05:47+00:00","dateModified":"2021-08-20T07:07:00+00:00","author":{"@id":"https:\/\/www.riccardomuti.com\/en\/#\/schema\/person\/f9f4b90f685ff3943fa5b34d557c6849"},"breadcrumb":{"@id":"https:\/\/www.riccardomuti.com\/en\/2021\/08\/18\/austrian-highest-decoration\/#breadcrumb"},"inLanguage":"en-US","potentialAction":[{"@type":"ReadAction","target":["https:\/\/www.riccardomuti.com\/en\/2021\/08\/18\/austrian-highest-decoration\/"]}]},{"@type":"ImageObject","inLanguage":"en-US","@id":"https:\/\/www.riccardomuti.com\/en\/2021\/08\/18\/austrian-highest-decoration\/#primaryimage","url":"https:\/\/www.riccardomuti.com\/wp-content\/uploads\/Haslauer-Muti_-Grose-Goldene-Ehrenzeichen_2021-\u00a9FranzNeumayr-LandSalzburg.jpg","contentUrl":"https:\/\/www.riccardomuti.com\/wp-content\/uploads\/Haslauer-Muti_-Grose-Goldene-Ehrenzeichen_2021-\u00a9FranzNeumayr-LandSalzburg.jpg","width":1024,"height":683},{"@type":"BreadcrumbList","@id":"https:\/\/www.riccardomuti.com\/en\/2021\/08\/18\/austrian-highest-decoration\/#breadcrumb","itemListElement":[{"@type":"ListItem","position":1,"name":"Home","item":"https:\/\/www.riccardomuti.com\/en\/"},{"@type":"ListItem","position":2,"name":"Riccardo Muti presented with Austria&#8217;s highest decoration"}]},{"@type":"WebSite","@id":"https:\/\/www.riccardomuti.com\/en\/#website","url":"https:\/\/www.riccardomuti.com\/en\/","name":"Riccardo Muti","description":"Sito ufficiale di Riccardo Muti","potentialAction":[{"@type":"SearchAction","target":{"@type":"EntryPoint","urlTemplate":"https:\/\/www.riccardomuti.com\/en\/?s={search_term_string}"},"query-input":{"@type":"PropertyValueSpecification","valueRequired":true,"valueName":"search_term_string"}}],"inLanguage":"en-US"},{"@type":"Person","@id":"https:\/\/www.riccardomuti.com\/en\/#\/schema\/person\/f9f4b90f685ff3943fa5b34d557c6849","name":"rmm_manager","image":{"@type":"ImageObject","inLanguage":"en-US","@id":"https:\/\/www.riccardomuti.com\/en\/#\/schema\/person\/image\/","url":"https:\/\/secure.gravatar.com\/avatar\/66b248eaedadacf518ab281396b84dfe5fa2c0c7dec78042c04ecfa0a7f896e1?s=96&d=mm&r=g","contentUrl":"https:\/\/secure.gravatar.com\/avatar\/66b248eaedadacf518ab281396b84dfe5fa2c0c7dec78042c04ecfa0a7f896e1?s=96&d=mm&r=g","caption":"rmm_manager"}}]}},"_links":{"self":[{"href":"https:\/\/www.riccardomuti.com\/en\/wp-json\/wp\/v2\/posts\/13437","targetHints":{"allow":["GET"]}}],"collection":[{"href":"https:\/\/www.riccardomuti.com\/en\/wp-json\/wp\/v2\/posts"}],"about":[{"href":"https:\/\/www.riccardomuti.com\/en\/wp-json\/wp\/v2\/types\/post"}],"author":[{"embeddable":true,"href":"https:\/\/www.riccardomuti.com\/en\/wp-json\/wp\/v2\/users\/2"}],"replies":[{"embeddable":true,"href":"https:\/\/www.riccardomuti.com\/en\/wp-json\/wp\/v2\/comments?post=13437"}],"version-history":[{"count":5,"href":"https:\/\/www.riccardomuti.com\/en\/wp-json\/wp\/v2\/posts\/13437\/revisions"}],"predecessor-version":[{"id":13447,"href":"https:\/\/www.riccardomuti.com\/en\/wp-json\/wp\/v2\/posts\/13437\/revisions\/13447"}],"wp:featuredmedia":[{"embeddable":true,"href":"https:\/\/www.riccardomuti.com\/en\/wp-json\/wp\/v2\/media\/13439"}],"wp:attachment":[{"href":"https:\/\/www.riccardomuti.com\/en\/wp-json\/wp\/v2\/media?parent=13437"}],"wp:term":[{"taxonomy":"category","embeddable":true,"href":"https:\/\/www.riccardomuti.com\/en\/wp-json\/wp\/v2\/categories?post=13437"},{"taxonomy":"post_tag","embeddable":true,"href":"https:\/\/www.riccardomuti.com\/en\/wp-json\/wp\/v2\/tags?post=13437"}],"curies":[{"name":"wp","href":"https:\/\/api.w.org\/{rel}","templated":true}]}}