{"id":12751,"date":"2021-05-17T12:29:23","date_gmt":"2021-05-17T10:29:23","guid":{"rendered":"https:\/\/www.riccardomuti.com\/?p=12751"},"modified":"2021-06-01T08:38:28","modified_gmt":"2021-06-01T06:38:28","slug":"va-pensiero-sui-wiener-dorati","status":"publish","type":"post","link":"https:\/\/www.riccardomuti.com\/en\/2021\/05\/17\/va-pensiero-sui-wiener-dorati\/","title":{"rendered":"Va&#8217; pensiero sui Wiener dorati"},"content":{"rendered":"<h3>Va&#8217; pensiero sui Wiener dorati<\/h3>\n<p>&#8211; by Carla Moreni | May 16, 2021<\/p>\n<h4>Teatro alla Scala. The re-opening concerts: Chailly leading the Scala Orchestra and the Vienna Philharmonic from Ravenna conducted by Muti<\/h4>\n<p>A ognuno la sua tazza di t\u00e8: applausi per Riccardo Chailly, che con Orchestra e Coro ha riaperto al pubblico palchi e loggione della Scala, e applausi &#8211; pi\u00f9 convinti &#8211; per Riccardo Muti, che con i Filarmonici di Vienna \u00e8 tornato a Milano, festeggiando 5o anni con loro di collaborazione ininterrotta. A preludio della tappa milanese (e fiorentina) l&#8217;oasi di Ravenna, dove i 250 posti permessi dal distanziamento al Teatro Alighieri diventano 500, raggiungendo la Scala, grazie a una sagacissima partizione del programma.<\/p>\n<p>Ricominciare ad ascoltare insieme col suono dei Viennesi \u00e8 un&#8217;imprudenza. Perch\u00e9 per un po&#8217; le orecchie di tutti resteranno tarate su quella qualit\u00e0 di assieme: sulla morbidezza dei legati, sugli archi d&#8217;oro, e ancora sul gusto e sul piacere dell&#8217;essere orchestra. Macchina meravigliosa questi leggii: hanno ripreso l&#8217;assetto appaiati degli archi e senza mascherina, tranne a Milano dove \u00e8 stata imposta. La qualit\u00e0 del motore si esalta nell&#8217;incontro col Maestro, entrato nella zona magica dove non c&#8217;\u00e8 pi\u00f9 nulla da giustificare e dimostrare. Dove anche il concerto \u00e8 un tempo di creazione e invenzione. Dove il dialogo \u00e8 continuo, in un gioco di sorprese, all&#8217;interno di una forma salda e inscalfibile. Noi fuori, spettatori: affacciati sul quel mondo in divenire.<\/p>\n<blockquote><p>Going back to listening to music together starting with the sound of the Wiener Philharmoniker is imprudent, as for a while everybody&#8217;s ears will be calibrated on the quality of that orchestra: its soft legati, its golden bows, and also its taste and pleasure in being an orchestra. What a wonderful machine these music stands are: strings are paired up again and without mask (except for Milan, where it was imposed). The quality of the engine is exalted by the meeting with the Maestro, who entered the magical zone where nothing needs to be justified and demonstrated. Where even the concert is a moment of creation and invention. Where dialogue is incessant, in a game of continuous surprises, inside a firm and scratch-proof form. And us, spectators from the outside: looking out to that world in progress.<\/p><\/blockquote>\n<p>Diversi erano cos\u00ec i due Mendelssohn (Ouverture <em>Meeresstille und gliickliche Fahrt<\/em>) e gli altrettanti <em>Kaiser-valzer<\/em> di Strauss, replicati a Ravenna, a riprova che il vero musicista si annoia nella ripetizione, e soprattutto cerca, nel terreno fertile, dove far nascere primizie. Diversi, da Ravenna a Milano, anche i due cippi sinfonici, Quarta di Schumann e Seconda di Brahms. Nello scrigno, e con disposizione tradizionale in palcoscenico, due gemme smerigliate. Schumann in particolare, tanto sperimentale ed estremizzato, estraneo al registro medio. Ora tutto gentilezze e ornamenti, ora nell&#8217;abisso. Le sue tinte d&#8217;inferno uscivano ancor pi\u00f9 graffiate alla Scala, dove l&#8217;orchestra siede ancora sulla piattaforma sopra la platea, non ideale per acustica, col suono verso il sipario. Anche il gesto di Muti \u00e8 diverso: come a Ravenna mai visto. Quasi senza bacchetta (pur con la bacchetta) in continua estroversione e poesia. Alla Scala con tratti di maggiore controllo, per non lasciare soli i musicisti nella plancia insicura. Lui sempre col ruolo di guida ai comandi. Come si deve fare. Come usa sempre di meno (secondo la fola che il direttore deve lasciare liberi). Dopo Mendelssohn, in strisce accordai perfettamente intonate, e dopo uno Schumann quasi dimostrativo per la statuariet\u00e0 dei fugati finali, coi corni nobili, da cavalieri antichi, ecco un. Brahms struggente, pieno di canto ad ogni ansa della scrittura. Curioso dettaglio di cronaca, sia in provincia sia nella grande metropoli dopo il primo movimento scatta l&#8217;applauso. E non per ignoranza dei codici di ascolto, bens\u00ec come risposta spontanea a quel senso di arrivo, dove Muti ci porta per mano (mentre sornione lascia in attacco che gli strumenti vadano da soli). Stupende le arcate speciali del terzo movimento, da vera danza ungherese. E un Festklang esaltante il gioioso finale. Regalo alla Scala &#8211; &#8220;casa&#8221; la chiama il Maestro, ricordando Toscanini prima di un bis, Kaiser-valzer, da risentire tutto l&#8217;anno. Bis degli scaligeri \u00e8 l&#8217;altrettanto immancabile Va&#8217; pensiero, bandiera per il Coro che difende la tradizione, anche se non aiutato dallo schieramento a dama, profondo sul palcoscenico, e dalle mascherine. Chailly lo soccorre, dirigendo dando di spalle all&#8217;orchestra. Per l&#8217;impaginato della riapertura, confezionata in corsa, il programma misto va da Purcell a Richard Strauss, con la voce bella e potente di Lise Davidsen, e le Ouverture di Maestri cantori e Tannhiiuser. Verdi regge meglio la spazialit\u00e0, in Wagner i fiati troppo lontani dagli archi pigolano e si perdono. L&#8217;impressione uscendo \u00e8 che alla Scala sia davvero scoccata l&#8217;ora della ricostruzione, cio\u00e8 delle idee. Basta scaramucce paravento. Torniamo a parlare di musica.<\/p>\n<p style=\"text-align: right;\">Carla Moreni, <em>Il Sole 24 Ore<\/em>, May 16, 2021<\/p>\n<div class=\"fusion-fullwidth fullwidth-box fusion-builder-row-1 hundred-percent-fullwidth non-hundred-percent-height-scrolling\" style=\"--awb-border-radius-top-left:0px;--awb-border-radius-top-right:0px;--awb-border-radius-bottom-right:0px;--awb-border-radius-bottom-left:0px;--awb-overflow:visible;--awb-flex-wrap:wrap;\" ><div class=\"fusion-builder-row fusion-row\"><div class=\"fusion-layout-column fusion_builder_column fusion-builder-column-0 fusion_builder_column_1_1 1_1 fusion-one-full fusion-column-first fusion-column-last fusion-column-no-min-height\" style=\"--awb-bg-size:cover;--awb-margin-bottom:0px;\"><div class=\"fusion-column-wrapper fusion-flex-column-wrapper-legacy\"><div class=\"vaiallostore\">\n<a href=\"https:\/\/www.riccardomutimusic.com\/en\/\"> Visit the Store <\/a><\/div><style>#toTop{display:none;}.to-top-container{display:none;visibility:hidden}<br \/><\/style>\n<hr \/>\n<p style=\"text-align: center;\"><span style=\"text-decoration: underline;\"><a href=\"https:\/\/www.riccardomutimusic.com\/en\/rmm-streaming-platform\/\">DISCOVER THE RICCARDOMUTIMUSIC DIGITAL STREAMING PLATFORM<\/a><\/span><\/p>\n<p style=\"text-align: center;\"><a class=\"fusion-no-lightbox\" href=\"https:\/\/www.riccardomutimusic.com\/en\/rmm-streaming-platform\/\"><img decoding=\"async\" class=\"alignnone wp-image-9569\" src=\"https:\/\/www.riccardomuti.com\/wp-content\/uploads\/\/LogoDiscoRMMusic-1024x1024.jpg\" sizes=\"(max-width: 250px) 100vw, 250px\" srcset=\"https:\/\/www.riccardomuti.com\/wp-content\/uploads\/LogoDiscoRMMusic-66x66.jpg 66w, https:\/\/www.riccardomuti.com\/wp-content\/uploads\/LogoDiscoRMMusic-150x150.jpg 150w, https:\/\/www.riccardomuti.com\/wp-content\/uploads\/LogoDiscoRMMusic-200x200.jpg 200w, https:\/\/www.riccardomuti.com\/wp-content\/uploads\/LogoDiscoRMMusic-300x300.jpg 300w, https:\/\/www.riccardomuti.com\/wp-content\/uploads\/LogoDiscoRMMusic-400x400.jpg 400w, https:\/\/www.riccardomuti.com\/wp-content\/uploads\/LogoDiscoRMMusic-600x600.jpg 600w, https:\/\/www.riccardomuti.com\/wp-content\/uploads\/LogoDiscoRMMusic-768x768.jpg 768w, https:\/\/www.riccardomuti.com\/wp-content\/uploads\/LogoDiscoRMMusic-800x800.jpg 800w, https:\/\/www.riccardomuti.com\/wp-content\/uploads\/\/LogoDiscoRMMusic-1024x1024.jpg 1024w, https:\/\/www.riccardomuti.com\/wp-content\/uploads\/LogoDiscoRMMusic-1200x1200.jpg 1200w, https:\/\/www.riccardomuti.com\/wp-content\/uploads\/LogoDiscoRMMusic.jpg 1585w\" alt=\"\" width=\"250\" height=\"250\" \/><\/a><\/p>\n<div style=\"text-align: center;\">\n<p><span style=\"text-decoration: underline;\"><a href=\"https:\/\/www.riccardomutimusic.com\/en\">RICCARDOMUTIMUSIC STORE<\/a><\/span><\/p>\n<\/div>\n<div style=\"text-align: center;\">\n<p><a href=\"https:\/\/www.riccardomutimusic.com\/en\/newsletter-2\/\"><u>Subscribe to the newsletter<\/u><\/a><\/p>\n<div class=\"post-content\">\n<div>and receive all information about the latest news,<\/div>\n<div>exclusive content and live streaming events of Riccardo Muti.<\/div>\n<\/div>\n<\/div>\n<div class=\"fusion-clearfix\"><\/div><\/div><\/div><\/div><\/div>\n","protected":false},"excerpt":{"rendered":"<p>Va&#8217; pensiero sui Wiener dorati &#8211; by Carla Moreni | May 16, 2021 Teatro alla Scala. The re-opening concerts: Chailly leading the Scala Orchestra and the Vienna Philharmonic from Ravenna  [&#8230;]<\/p>\n","protected":false},"author":2,"featured_media":12724,"comment_status":"open","ping_status":"open","sticky":false,"template":"","format":"standard","meta":{"footnotes":""},"categories":[243,381,283],"tags":[],"class_list":["post-12751","post","type-post","status-publish","format-standard","has-post-thumbnail","hentry","category-stampa-en","category-teatro-alla-scala-en","category-wiener-philharmoniker-en"],"yoast_head":"<!-- This site is optimized with the Yoast SEO plugin v26.9 - https:\/\/yoast.com\/product\/yoast-seo-wordpress\/ -->\n<title>Va&#039; pensiero sui Wiener dorati - Riccardo Muti<\/title>\n<meta name=\"robots\" content=\"index, follow, max-snippet:-1, max-image-preview:large, max-video-preview:-1\" \/>\n<link rel=\"canonical\" href=\"https:\/\/www.riccardomuti.com\/en\/2021\/05\/17\/va-pensiero-sui-wiener-dorati\/\" \/>\n<meta property=\"og:locale\" content=\"en_US\" \/>\n<meta property=\"og:type\" content=\"article\" \/>\n<meta property=\"og:title\" content=\"Va&#039; pensiero sui Wiener dorati - Riccardo Muti\" \/>\n<meta property=\"og:description\" content=\"Va&#8217; pensiero sui Wiener dorati &#8211; by Carla Moreni | May 16, 2021 Teatro alla Scala. The re-opening concerts: Chailly leading the Scala Orchestra and the Vienna Philharmonic from Ravenna [...]\" \/>\n<meta property=\"og:url\" content=\"https:\/\/www.riccardomuti.com\/en\/2021\/05\/17\/va-pensiero-sui-wiener-dorati\/\" \/>\n<meta property=\"og:site_name\" content=\"Riccardo Muti\" \/>\n<meta property=\"article:publisher\" content=\"https:\/\/www.facebook.com\/RiccardoMutiOfficial\/\" \/>\n<meta property=\"article:published_time\" content=\"2021-05-17T10:29:23+00:00\" \/>\n<meta property=\"article:modified_time\" content=\"2021-06-01T06:38:28+00:00\" \/>\n<meta property=\"og:image\" content=\"https:\/\/www.riccardomuti.com\/wp-content\/uploads\/\u00a9Silvia-Lelli_11052021_07526-scaled.jpg\" \/>\n\t<meta property=\"og:image:width\" content=\"2560\" \/>\n\t<meta property=\"og:image:height\" content=\"1707\" \/>\n\t<meta property=\"og:image:type\" content=\"image\/jpeg\" \/>\n<meta name=\"author\" content=\"rmm_manager\" \/>\n<meta name=\"twitter:card\" content=\"summary_large_image\" \/>\n<meta name=\"twitter:label1\" content=\"Written by\" \/>\n\t<meta name=\"twitter:data1\" content=\"rmm_manager\" \/>\n\t<meta name=\"twitter:label2\" content=\"Est. reading time\" \/>\n\t<meta name=\"twitter:data2\" content=\"4 minutes\" \/>\n<script type=\"application\/ld+json\" class=\"yoast-schema-graph\">{\"@context\":\"https:\/\/schema.org\",\"@graph\":[{\"@type\":\"Article\",\"@id\":\"https:\/\/www.riccardomuti.com\/en\/2021\/05\/17\/va-pensiero-sui-wiener-dorati\/#article\",\"isPartOf\":{\"@id\":\"https:\/\/www.riccardomuti.com\/en\/2021\/05\/17\/va-pensiero-sui-wiener-dorati\/\"},\"author\":{\"name\":\"rmm_manager\",\"@id\":\"https:\/\/www.riccardomuti.com\/en\/#\/schema\/person\/f9f4b90f685ff3943fa5b34d557c6849\"},\"headline\":\"Va&#8217; pensiero sui Wiener dorati\",\"datePublished\":\"2021-05-17T10:29:23+00:00\",\"dateModified\":\"2021-06-01T06:38:28+00:00\",\"mainEntityOfPage\":{\"@id\":\"https:\/\/www.riccardomuti.com\/en\/2021\/05\/17\/va-pensiero-sui-wiener-dorati\/\"},\"wordCount\":907,\"commentCount\":0,\"image\":{\"@id\":\"https:\/\/www.riccardomuti.com\/en\/2021\/05\/17\/va-pensiero-sui-wiener-dorati\/#primaryimage\"},\"thumbnailUrl\":\"https:\/\/www.riccardomuti.com\/wp-content\/uploads\/\u00a9Silvia-Lelli_11052021_07526-scaled.jpg\",\"articleSection\":[\"Stampa\",\"Teatro alla Scala\",\"Wiener Philharmoniker\"],\"inLanguage\":\"en-US\"},{\"@type\":\"WebPage\",\"@id\":\"https:\/\/www.riccardomuti.com\/en\/2021\/05\/17\/va-pensiero-sui-wiener-dorati\/\",\"url\":\"https:\/\/www.riccardomuti.com\/en\/2021\/05\/17\/va-pensiero-sui-wiener-dorati\/\",\"name\":\"Va' pensiero sui Wiener dorati - Riccardo Muti\",\"isPartOf\":{\"@id\":\"https:\/\/www.riccardomuti.com\/en\/#website\"},\"primaryImageOfPage\":{\"@id\":\"https:\/\/www.riccardomuti.com\/en\/2021\/05\/17\/va-pensiero-sui-wiener-dorati\/#primaryimage\"},\"image\":{\"@id\":\"https:\/\/www.riccardomuti.com\/en\/2021\/05\/17\/va-pensiero-sui-wiener-dorati\/#primaryimage\"},\"thumbnailUrl\":\"https:\/\/www.riccardomuti.com\/wp-content\/uploads\/\u00a9Silvia-Lelli_11052021_07526-scaled.jpg\",\"datePublished\":\"2021-05-17T10:29:23+00:00\",\"dateModified\":\"2021-06-01T06:38:28+00:00\",\"author\":{\"@id\":\"https:\/\/www.riccardomuti.com\/en\/#\/schema\/person\/f9f4b90f685ff3943fa5b34d557c6849\"},\"breadcrumb\":{\"@id\":\"https:\/\/www.riccardomuti.com\/en\/2021\/05\/17\/va-pensiero-sui-wiener-dorati\/#breadcrumb\"},\"inLanguage\":\"en-US\",\"potentialAction\":[{\"@type\":\"ReadAction\",\"target\":[\"https:\/\/www.riccardomuti.com\/en\/2021\/05\/17\/va-pensiero-sui-wiener-dorati\/\"]}]},{\"@type\":\"ImageObject\",\"inLanguage\":\"en-US\",\"@id\":\"https:\/\/www.riccardomuti.com\/en\/2021\/05\/17\/va-pensiero-sui-wiener-dorati\/#primaryimage\",\"url\":\"https:\/\/www.riccardomuti.com\/wp-content\/uploads\/\u00a9Silvia-Lelli_11052021_07526-scaled.jpg\",\"contentUrl\":\"https:\/\/www.riccardomuti.com\/wp-content\/uploads\/\u00a9Silvia-Lelli_11052021_07526-scaled.jpg\",\"width\":2560,\"height\":1707},{\"@type\":\"BreadcrumbList\",\"@id\":\"https:\/\/www.riccardomuti.com\/en\/2021\/05\/17\/va-pensiero-sui-wiener-dorati\/#breadcrumb\",\"itemListElement\":[{\"@type\":\"ListItem\",\"position\":1,\"name\":\"Home\",\"item\":\"https:\/\/www.riccardomuti.com\/en\/\"},{\"@type\":\"ListItem\",\"position\":2,\"name\":\"Va&#8217; pensiero sui Wiener dorati\"}]},{\"@type\":\"WebSite\",\"@id\":\"https:\/\/www.riccardomuti.com\/en\/#website\",\"url\":\"https:\/\/www.riccardomuti.com\/en\/\",\"name\":\"Riccardo Muti\",\"description\":\"Sito ufficiale di Riccardo Muti\",\"potentialAction\":[{\"@type\":\"SearchAction\",\"target\":{\"@type\":\"EntryPoint\",\"urlTemplate\":\"https:\/\/www.riccardomuti.com\/en\/?s={search_term_string}\"},\"query-input\":{\"@type\":\"PropertyValueSpecification\",\"valueRequired\":true,\"valueName\":\"search_term_string\"}}],\"inLanguage\":\"en-US\"},{\"@type\":\"Person\",\"@id\":\"https:\/\/www.riccardomuti.com\/en\/#\/schema\/person\/f9f4b90f685ff3943fa5b34d557c6849\",\"name\":\"rmm_manager\",\"image\":{\"@type\":\"ImageObject\",\"inLanguage\":\"en-US\",\"@id\":\"https:\/\/www.riccardomuti.com\/en\/#\/schema\/person\/image\/\",\"url\":\"https:\/\/secure.gravatar.com\/avatar\/66b248eaedadacf518ab281396b84dfe5fa2c0c7dec78042c04ecfa0a7f896e1?s=96&d=mm&r=g\",\"contentUrl\":\"https:\/\/secure.gravatar.com\/avatar\/66b248eaedadacf518ab281396b84dfe5fa2c0c7dec78042c04ecfa0a7f896e1?s=96&d=mm&r=g\",\"caption\":\"rmm_manager\"}}]}<\/script>\n<!-- \/ Yoast SEO plugin. -->","yoast_head_json":{"title":"Va' pensiero sui Wiener dorati - Riccardo Muti","robots":{"index":"index","follow":"follow","max-snippet":"max-snippet:-1","max-image-preview":"max-image-preview:large","max-video-preview":"max-video-preview:-1"},"canonical":"https:\/\/www.riccardomuti.com\/en\/2021\/05\/17\/va-pensiero-sui-wiener-dorati\/","og_locale":"en_US","og_type":"article","og_title":"Va' pensiero sui Wiener dorati - Riccardo Muti","og_description":"Va&#8217; pensiero sui Wiener dorati &#8211; by Carla Moreni | May 16, 2021 Teatro alla Scala. The re-opening concerts: Chailly leading the Scala Orchestra and the Vienna Philharmonic from Ravenna [...]","og_url":"https:\/\/www.riccardomuti.com\/en\/2021\/05\/17\/va-pensiero-sui-wiener-dorati\/","og_site_name":"Riccardo Muti","article_publisher":"https:\/\/www.facebook.com\/RiccardoMutiOfficial\/","article_published_time":"2021-05-17T10:29:23+00:00","article_modified_time":"2021-06-01T06:38:28+00:00","og_image":[{"width":2560,"height":1707,"url":"https:\/\/www.riccardomuti.com\/wp-content\/uploads\/\u00a9Silvia-Lelli_11052021_07526-scaled.jpg","type":"image\/jpeg"}],"author":"rmm_manager","twitter_card":"summary_large_image","twitter_misc":{"Written by":"rmm_manager","Est. reading time":"4 minutes"},"schema":{"@context":"https:\/\/schema.org","@graph":[{"@type":"Article","@id":"https:\/\/www.riccardomuti.com\/en\/2021\/05\/17\/va-pensiero-sui-wiener-dorati\/#article","isPartOf":{"@id":"https:\/\/www.riccardomuti.com\/en\/2021\/05\/17\/va-pensiero-sui-wiener-dorati\/"},"author":{"name":"rmm_manager","@id":"https:\/\/www.riccardomuti.com\/en\/#\/schema\/person\/f9f4b90f685ff3943fa5b34d557c6849"},"headline":"Va&#8217; pensiero sui Wiener dorati","datePublished":"2021-05-17T10:29:23+00:00","dateModified":"2021-06-01T06:38:28+00:00","mainEntityOfPage":{"@id":"https:\/\/www.riccardomuti.com\/en\/2021\/05\/17\/va-pensiero-sui-wiener-dorati\/"},"wordCount":907,"commentCount":0,"image":{"@id":"https:\/\/www.riccardomuti.com\/en\/2021\/05\/17\/va-pensiero-sui-wiener-dorati\/#primaryimage"},"thumbnailUrl":"https:\/\/www.riccardomuti.com\/wp-content\/uploads\/\u00a9Silvia-Lelli_11052021_07526-scaled.jpg","articleSection":["Stampa","Teatro alla Scala","Wiener Philharmoniker"],"inLanguage":"en-US"},{"@type":"WebPage","@id":"https:\/\/www.riccardomuti.com\/en\/2021\/05\/17\/va-pensiero-sui-wiener-dorati\/","url":"https:\/\/www.riccardomuti.com\/en\/2021\/05\/17\/va-pensiero-sui-wiener-dorati\/","name":"Va' pensiero sui Wiener dorati - Riccardo Muti","isPartOf":{"@id":"https:\/\/www.riccardomuti.com\/en\/#website"},"primaryImageOfPage":{"@id":"https:\/\/www.riccardomuti.com\/en\/2021\/05\/17\/va-pensiero-sui-wiener-dorati\/#primaryimage"},"image":{"@id":"https:\/\/www.riccardomuti.com\/en\/2021\/05\/17\/va-pensiero-sui-wiener-dorati\/#primaryimage"},"thumbnailUrl":"https:\/\/www.riccardomuti.com\/wp-content\/uploads\/\u00a9Silvia-Lelli_11052021_07526-scaled.jpg","datePublished":"2021-05-17T10:29:23+00:00","dateModified":"2021-06-01T06:38:28+00:00","author":{"@id":"https:\/\/www.riccardomuti.com\/en\/#\/schema\/person\/f9f4b90f685ff3943fa5b34d557c6849"},"breadcrumb":{"@id":"https:\/\/www.riccardomuti.com\/en\/2021\/05\/17\/va-pensiero-sui-wiener-dorati\/#breadcrumb"},"inLanguage":"en-US","potentialAction":[{"@type":"ReadAction","target":["https:\/\/www.riccardomuti.com\/en\/2021\/05\/17\/va-pensiero-sui-wiener-dorati\/"]}]},{"@type":"ImageObject","inLanguage":"en-US","@id":"https:\/\/www.riccardomuti.com\/en\/2021\/05\/17\/va-pensiero-sui-wiener-dorati\/#primaryimage","url":"https:\/\/www.riccardomuti.com\/wp-content\/uploads\/\u00a9Silvia-Lelli_11052021_07526-scaled.jpg","contentUrl":"https:\/\/www.riccardomuti.com\/wp-content\/uploads\/\u00a9Silvia-Lelli_11052021_07526-scaled.jpg","width":2560,"height":1707},{"@type":"BreadcrumbList","@id":"https:\/\/www.riccardomuti.com\/en\/2021\/05\/17\/va-pensiero-sui-wiener-dorati\/#breadcrumb","itemListElement":[{"@type":"ListItem","position":1,"name":"Home","item":"https:\/\/www.riccardomuti.com\/en\/"},{"@type":"ListItem","position":2,"name":"Va&#8217; pensiero sui Wiener dorati"}]},{"@type":"WebSite","@id":"https:\/\/www.riccardomuti.com\/en\/#website","url":"https:\/\/www.riccardomuti.com\/en\/","name":"Riccardo Muti","description":"Sito ufficiale di Riccardo Muti","potentialAction":[{"@type":"SearchAction","target":{"@type":"EntryPoint","urlTemplate":"https:\/\/www.riccardomuti.com\/en\/?s={search_term_string}"},"query-input":{"@type":"PropertyValueSpecification","valueRequired":true,"valueName":"search_term_string"}}],"inLanguage":"en-US"},{"@type":"Person","@id":"https:\/\/www.riccardomuti.com\/en\/#\/schema\/person\/f9f4b90f685ff3943fa5b34d557c6849","name":"rmm_manager","image":{"@type":"ImageObject","inLanguage":"en-US","@id":"https:\/\/www.riccardomuti.com\/en\/#\/schema\/person\/image\/","url":"https:\/\/secure.gravatar.com\/avatar\/66b248eaedadacf518ab281396b84dfe5fa2c0c7dec78042c04ecfa0a7f896e1?s=96&d=mm&r=g","contentUrl":"https:\/\/secure.gravatar.com\/avatar\/66b248eaedadacf518ab281396b84dfe5fa2c0c7dec78042c04ecfa0a7f896e1?s=96&d=mm&r=g","caption":"rmm_manager"}}]}},"_links":{"self":[{"href":"https:\/\/www.riccardomuti.com\/en\/wp-json\/wp\/v2\/posts\/12751","targetHints":{"allow":["GET"]}}],"collection":[{"href":"https:\/\/www.riccardomuti.com\/en\/wp-json\/wp\/v2\/posts"}],"about":[{"href":"https:\/\/www.riccardomuti.com\/en\/wp-json\/wp\/v2\/types\/post"}],"author":[{"embeddable":true,"href":"https:\/\/www.riccardomuti.com\/en\/wp-json\/wp\/v2\/users\/2"}],"replies":[{"embeddable":true,"href":"https:\/\/www.riccardomuti.com\/en\/wp-json\/wp\/v2\/comments?post=12751"}],"version-history":[{"count":0,"href":"https:\/\/www.riccardomuti.com\/en\/wp-json\/wp\/v2\/posts\/12751\/revisions"}],"wp:featuredmedia":[{"embeddable":true,"href":"https:\/\/www.riccardomuti.com\/en\/wp-json\/wp\/v2\/media\/12724"}],"wp:attachment":[{"href":"https:\/\/www.riccardomuti.com\/en\/wp-json\/wp\/v2\/media?parent=12751"}],"wp:term":[{"taxonomy":"category","embeddable":true,"href":"https:\/\/www.riccardomuti.com\/en\/wp-json\/wp\/v2\/categories?post=12751"},{"taxonomy":"post_tag","embeddable":true,"href":"https:\/\/www.riccardomuti.com\/en\/wp-json\/wp\/v2\/tags?post=12751"}],"curies":[{"name":"wp","href":"https:\/\/api.w.org\/{rel}","templated":true}]}}